{"id":5206,"date":"2024-05-15T16:18:19","date_gmt":"2024-05-15T22:18:19","guid":{"rendered":"https:\/\/zonalimitrofe-cbnr.com\/?p=5206"},"modified":"2024-05-15T16:18:19","modified_gmt":"2024-05-15T22:18:19","slug":"torreon-reconocen-trayectoria-de-maestros-de-la-region-laguna-de-coahuila","status":"publish","type":"post","link":"https:\/\/zonalimitrofe-cbnr.com\/index.php\/2024\/05\/15\/torreon-reconocen-trayectoria-de-maestros-de-la-region-laguna-de-coahuila\/","title":{"rendered":"#Torre\u00f3n. Reconocen trayectoria de maestros de la Regi\u00f3n Laguna de Coahuila"},"content":{"rendered":"\n<p>Torre\u00f3n, Coahuila. A 15 de mayo de 2024.<\/p>\n\n\n\n<p>En el marco de la celebraci\u00f3n del D\u00eda del Maestro, el gobernador de Coahuila, Manolo Jim\u00e9nez Salinas y el alcalde de Torre\u00f3n, Rom\u00e1n Alberto Cepeda Gonz\u00e1lez, acompa\u00f1ados por las autoridades del Sindicato Nacional de Trabajadores de la Educaci\u00f3n (SNTE), entregaron preseas al M\u00e9rito Magisterial para los docentes de la Secci\u00f3n 35.<\/p>\n\n\n\n<p>Fue un reconocimiento a un total de 128 maestras y maestros, quienes cumplieron con 30, 40 y 50 a\u00f1os de servicio en el magisterio de la Regi\u00f3n Laguna, en los municipios de Torre\u00f3n, Matamoros, Viesca, San Pedro y Francisco I. Madero.<\/p>\n\n\n\n<p>En el evento, Rom\u00e1n Alberto Cepeda Gonz\u00e1lez dio la bienvenida a los docentes y los felicit\u00f3 por el trabajo que diariamente realizan, as\u00ed como por su compromiso con Torre\u00f3n, La Laguna y Coahuila.<\/p>\n\n\n\n<p>\u201cGracias por dedicar su tiempo y su vida a cultivar gente, a construir el presente y el futuro de Torre\u00f3n, de La Laguna y de Coahuila. En lo particular en estos dos a\u00f1os y cuatro meses he dado cuenta y he sido testigo del trabajo y el compromiso que han dejado cada una y cada uno de ustedes\u201d, expres\u00f3.<\/p>\n\n\n\n<p>El Alcalde dijo que desde su responsabilidad al frente de la Administraci\u00f3n Municipal, le compete generar las condiciones para que los ni\u00f1os, j\u00f3venes y docentes salgan sin temor a sus escuelas.<\/p>\n\n\n\n<p>En coordinaci\u00f3n con los dem\u00e1s \u00f3rdenes de Gobierno, agreg\u00f3 el edil, continuar\u00e1 trabajando para mantener la seguridad y el orden en la ciudad.<\/p>\n\n\n\n<p>Expres\u00f3 tambi\u00e9n su reconocimiento a los docentes que fueron galardonados en la ceremonia por sus a\u00f1os de servicio.<\/p>\n\n\n\n<p>Manolo Jim\u00e9nez Salinas, gobernador de Coahuila, dijo que el trabajo de los maestros implica un alto grado de responsabilidad, pues tiene que ver con el desarrollo de lo m\u00e1s valioso que tiene una ciudad: sus ni\u00f1os y adolescentes.<\/p>\n\n\n\n<p>\u201cTodo nuestro reconocimiento en este d\u00eda tan especial, donde a trav\u00e9s de quienes cumplen 30, 40 o 50 a\u00f1os de trabajo, reconocemos la trayectoria de las maestras y los maestros en general\u201d, dijo.<\/p>\n\n\n\n<p>El mandatario coment\u00f3 que el desarrollo, la competitividad y los buenos indicadores que hoy tiene el estado, en gran medida se deben al trabajo de los maestros.<\/p>\n\n\n\n<p>\u201cEs gracias al trabajo de miles de maestras y maestros de Coahuila, que a lo largo de muchas generaciones han formado a quienes hoy trabajan para lograr estos indicadores\u201d, asegur\u00f3 Jim\u00e9nez Salinas.<\/p>\n\n\n\n<p>El Gobernador reiter\u00f3 su compromiso con los docentes y con la educaci\u00f3n en el estado de Coahuila.<\/p>\n\n\n\n<p>Emanuel Garza Fishburn, secretario de Educaci\u00f3n en el Estado, reconoci\u00f3 la trayectoria personal y profesional de los docentes galardonados, pues dijo que se trata de toda una vida dedicada a la educaci\u00f3n.<\/p>\n\n\n\n<p>\u201cQuiero agradecer y reconocer profundamente esa trayectoria de mucho compromiso y entrega, de gran impacto en la vida de nuestros estudiantes\u201d, expres\u00f3.<\/p>\n\n\n\n<p>Arturo D\u00edaz Gonz\u00e1lez, secretario general de la secci\u00f3n 35 del SNTE, habl\u00f3 de los retos que ha enfrentado el magisterio en su labor cotidiana de llevar la educaci\u00f3n a ni\u00f1os y j\u00f3venes.<\/p>\n\n\n\n<p>En ese sentido dijo que ha prevalecido la vocaci\u00f3n de servicio de los docentes, por lo que se sum\u00f3 al reconocimiento en este d\u00eda a los maestros en general.<\/p>\n\n\n\n<p>Javier San Mart\u00edn Jaramillo, secretario de organizaci\u00f3n del CEN del SNTE, en representaci\u00f3n de Alfonso Cepeda Salas, secretario general del SNTE, expres\u00f3 el reconocimiento a todos los docentes de la Secci\u00f3n 35 y de todo el estado de Coahuila.<\/p>\n\n\n\n<p>\u201cUno de los m\u00e1s altos honores que nos brinda la representaci\u00f3n del Sindicato Nacional de Trabajadores de la Educaci\u00f3n, consiste en la posibilidad de rendir homenaje a las maestras y a los maestros que han entregado su vida profesional con generosidad, ustedes son un ejemplo\u201d, expres\u00f3.<\/p>\n\n\n\n<p>En el evento se entregaron tres preseas por 50 a\u00f1os de servicio a maestras, una presea por 50 a\u00f1os a un maestro, 34 preseas por 40 a\u00f1os y 90 preseas por 30 a\u00f1os.<\/p>\n","protected":false},"excerpt":{"rendered":"<p>Torre\u00f3n, Coahuila. A 15 de mayo de 2024. En el marco de la celebraci\u00f3n del D\u00eda del Maestro, el gobernador de Coahuila, Manolo Jim\u00e9nez Salinas y el alcalde de Torre\u00f3n, Rom\u00e1n Alberto Cepeda Gonz\u00e1lez, acompa\u00f1ados por las autoridades del Sindicato Nacional de Trabajadores de la Educaci\u00f3n (SNTE), entregaron preseas al M\u00e9rito Magisterial para los docentes [&hellip;]<\/p>\n","protected":false},"author":1,"featured_media":5207,"comment_status":"open","ping_status":"open","sticky":false,"template":"","format":"standard","meta":{"_monsterinsights_skip_tracking":false,"_monsterinsights_sitenote_active":false,"_monsterinsights_sitenote_note":"","_monsterinsights_sitenote_category":0,"footnotes":""},"categories":[1],"tags":[],"_links":{"self":[{"href":"https:\/\/zonalimitrofe-cbnr.com\/index.php\/wp-json\/wp\/v2\/posts\/5206"}],"collection":[{"href":"https:\/\/zonalimitrofe-cbnr.com\/index.php\/wp-json\/wp\/v2\/posts"}],"about":[{"href":"https:\/\/zonalimitrofe-cbnr.com\/index.php\/wp-json\/wp\/v2\/types\/post"}],"author":[{"embeddable":true,"href":"https:\/\/zonalimitrofe-cbnr.com\/index.php\/wp-json\/wp\/v2\/users\/1"}],"replies":[{"embeddable":true,"href":"https:\/\/zonalimitrofe-cbnr.com\/index.php\/wp-json\/wp\/v2\/comments?post=5206"}],"version-history":[{"count":1,"href":"https:\/\/zonalimitrofe-cbnr.com\/index.php\/wp-json\/wp\/v2\/posts\/5206\/revisions"}],"predecessor-version":[{"id":5208,"href":"https:\/\/zonalimitrofe-cbnr.com\/index.php\/wp-json\/wp\/v2\/posts\/5206\/revisions\/5208"}],"wp:featuredmedia":[{"embeddable":true,"href":"https:\/\/zonalimitrofe-cbnr.com\/index.php\/wp-json\/wp\/v2\/media\/5207"}],"wp:attachment":[{"href":"https:\/\/zonalimitrofe-cbnr.com\/index.php\/wp-json\/wp\/v2\/media?parent=5206"}],"wp:term":[{"taxonomy":"category","embeddable":true,"href":"https:\/\/zonalimitrofe-cbnr.com\/index.php\/wp-json\/wp\/v2\/categories?post=5206"},{"taxonomy":"post_tag","embeddable":true,"href":"https:\/\/zonalimitrofe-cbnr.com\/index.php\/wp-json\/wp\/v2\/tags?post=5206"}],"curies":[{"name":"wp","href":"https:\/\/api.w.org\/{rel}","templated":true}]}}