{"id":5148,"date":"2024-05-13T17:48:37","date_gmt":"2024-05-13T23:48:37","guid":{"rendered":"https:\/\/zonalimitrofe-cbnr.com\/?p=5148"},"modified":"2024-05-13T17:48:37","modified_gmt":"2024-05-13T23:48:37","slug":"uadec-realizan-en-la-uadec-ut-el-encuentro-academico-cultural-y-deportivo-marca-360o-impacto-personal-y-profesional","status":"publish","type":"post","link":"https:\/\/zonalimitrofe-cbnr.com\/index.php\/2024\/05\/13\/uadec-realizan-en-la-uadec-ut-el-encuentro-academico-cultural-y-deportivo-marca-360o-impacto-personal-y-profesional\/","title":{"rendered":"#UAdeC. Realizan en la UAdeC UT el Encuentro Acad\u00e9mico, Cultural y Deportivo: \u201cMarca 360\u00ba: Impacto personal y profesional\u201d"},"content":{"rendered":"\n<p>TORRE\u00d3N, Coahuila. 13 de mayo de 2024. La Escuela de Ciencias de la Comunidad Unidad Torre\u00f3n de la Universidad Aut\u00f3noma de Coahuila, llev\u00f3 a cabo su Encuentro Acad\u00e9mico, Cultural y Deportivo \u201cMarca 360\u00ba: Impacto personal y profesional\u201d, un espacio que permiti\u00f3 conectar con especialistas destacados, quienes compartieron sus experiencias y conocimientos.<\/p>\n\n\n\n<p>La inauguraci\u00f3n del Encuentro se efectu\u00f3 en el Aula Magna del Centro Cultural \u201cBraulio Fern\u00e1ndez Aguirre\u201d, donde se dieron cita, la coordinadora de la Unidad Torre\u00f3n, Sandra L\u00f3pez Chavar\u00eda; la directora de la Escuela de Ciencias de la Comunidad, Gabriela Perales Garc\u00eda; el secretario Acad\u00e9mico del plantel, Jorge Arturo Mart\u00ednez Ayala; la secretaria administrativa, Mar\u00eda Magdalena Silos Vaquera, personal docente y alumnado.<\/p>\n\n\n\n<p>En su mensaje, la coordinadora de la Unidad Torre\u00f3n, Sandra L\u00f3pez Chavarr\u00eda, agradeci\u00f3 la invitaci\u00f3n para participar en el Encuentro, ya que dijo \u00e9ste representa una oportunidad para cada una y cada de los estudiantes, porque les brinda la posibilidad de explorar y fortalecer su marca personal y profesional.<\/p>\n\n\n\n<p>A\u00f1adi\u00f3 que la idea de la marca personal puede sonar como un concepto exclusivo del mundo empresarial, pero en realidad, es mucho m\u00e1s que eso, es el arte de presentarse al mundo de una manera aut\u00e9ntica, con el objetivo de alcanzar el \u00e9xito en las relaciones sociales y profesionales.<\/p>\n\n\n\n<p>Por su parte, la directora de la Escuela de Ciencias de la Comunidad, Gabriela Perales Garc\u00eda, indic\u00f3 que la clave en el \u00e9xito profesional es la conjunci\u00f3n de aspectos culturales, deportivos, acad\u00e9micos, a esto obedece la realizaci\u00f3n del Encuentro Acad\u00e9mico, \u201cMarca 360\u00ba: Impacto personal y profesional\u201d.<\/p>\n\n\n\n<p>Perales Garc\u00eda, agreg\u00f3 que en la actualidad es necesario fortalecer aspectos relacionados con la imagen personal y profesional, con las actitudes y los valores tambi\u00e9n con la vestimenta, as\u00ed como con la comunicaci\u00f3n no verbal, todos estos elementos que generan un plus al momento de la incorporaci\u00f3n al mercado laboral, por ello la importancia de generar estos eventos que fortalecen la preparaci\u00f3n de las y los alumnos.<\/p>\n\n\n\n<p>Durante el Encuentro Acad\u00e9mico, Cultural y Deportivo, fueron impartidas las conferencias magistrales &#8220;Tu marca personal, c\u00f3mo distinguirse en un mundo ultra competitivo&#8221;, a cargo de la Lic. Divia Gama, fundadora y directora de \u201cQue te<\/p>\n\n\n\n<p>contraten\u201d; as\u00ed como &#8220;Hackea la felicidad&#8221;, a cargo del Lic. Ulises Zertuche Aizpuru, cofundador de Blessing Coffee.<\/p>\n\n\n\n<p>De igual manera se llev\u00f3 a cabo un Foro de Egresados de las carreras de Relaciones Humanas y Trabajo Social; la presentaci\u00f3n del mon\u00f3logo, por C\u00e9sar Mel\u00e9ndez Rodr\u00edguez, \u201cEl caballero del clima\u201d, adem\u00e1s de la participaci\u00f3n del grupo \u201cYage Ensamble Percusiones\u201d.<\/p>\n\n\n\n<p>El departamento de Extensi\u00f3n Universitaria tambi\u00e9n instal\u00f3 m\u00f3dulos de informaci\u00f3n en los que las facultades de Medicina y Odontolog\u00eda, as\u00ed como el Centro de Integraci\u00f3n Juvenil (CIJ) y el departamento de Asesor\u00eda Psicol\u00f3gica de la Unidad brindaron servicios de informaci\u00f3n y servicios de salud.<\/p>\n\n\n\n<p>La comunidad estudiantil particip\u00f3 en una sesi\u00f3n de activaci\u00f3n f\u00edsica a cargo de Miguel \u00c1ngel Torres Daniel, instructor y capacitador fitness.<\/p>\n","protected":false},"excerpt":{"rendered":"<p>TORRE\u00d3N, Coahuila. 13 de mayo de 2024. La Escuela de Ciencias de la Comunidad Unidad Torre\u00f3n de la Universidad Aut\u00f3noma de Coahuila, llev\u00f3 a cabo su Encuentro Acad\u00e9mico, Cultural y Deportivo \u201cMarca 360\u00ba: Impacto personal y profesional\u201d, un espacio que permiti\u00f3 conectar con especialistas destacados, quienes compartieron sus experiencias y conocimientos. La inauguraci\u00f3n del Encuentro [&hellip;]<\/p>\n","protected":false},"author":1,"featured_media":5149,"comment_status":"open","ping_status":"open","sticky":false,"template":"","format":"standard","meta":{"_monsterinsights_skip_tracking":false,"_monsterinsights_sitenote_active":false,"_monsterinsights_sitenote_note":"","_monsterinsights_sitenote_category":0,"footnotes":""},"categories":[1],"tags":[],"_links":{"self":[{"href":"https:\/\/zonalimitrofe-cbnr.com\/index.php\/wp-json\/wp\/v2\/posts\/5148"}],"collection":[{"href":"https:\/\/zonalimitrofe-cbnr.com\/index.php\/wp-json\/wp\/v2\/posts"}],"about":[{"href":"https:\/\/zonalimitrofe-cbnr.com\/index.php\/wp-json\/wp\/v2\/types\/post"}],"author":[{"embeddable":true,"href":"https:\/\/zonalimitrofe-cbnr.com\/index.php\/wp-json\/wp\/v2\/users\/1"}],"replies":[{"embeddable":true,"href":"https:\/\/zonalimitrofe-cbnr.com\/index.php\/wp-json\/wp\/v2\/comments?post=5148"}],"version-history":[{"count":1,"href":"https:\/\/zonalimitrofe-cbnr.com\/index.php\/wp-json\/wp\/v2\/posts\/5148\/revisions"}],"predecessor-version":[{"id":5150,"href":"https:\/\/zonalimitrofe-cbnr.com\/index.php\/wp-json\/wp\/v2\/posts\/5148\/revisions\/5150"}],"wp:featuredmedia":[{"embeddable":true,"href":"https:\/\/zonalimitrofe-cbnr.com\/index.php\/wp-json\/wp\/v2\/media\/5149"}],"wp:attachment":[{"href":"https:\/\/zonalimitrofe-cbnr.com\/index.php\/wp-json\/wp\/v2\/media?parent=5148"}],"wp:term":[{"taxonomy":"category","embeddable":true,"href":"https:\/\/zonalimitrofe-cbnr.com\/index.php\/wp-json\/wp\/v2\/categories?post=5148"},{"taxonomy":"post_tag","embeddable":true,"href":"https:\/\/zonalimitrofe-cbnr.com\/index.php\/wp-json\/wp\/v2\/tags?post=5148"}],"curies":[{"name":"wp","href":"https:\/\/api.w.org\/{rel}","templated":true}]}}