{"id":5073,"date":"2024-05-11T13:35:08","date_gmt":"2024-05-11T19:35:08","guid":{"rendered":"https:\/\/zonalimitrofe-cbnr.com\/?p=5073"},"modified":"2024-05-11T13:35:08","modified_gmt":"2024-05-11T19:35:08","slug":"durango-a-la-laguna-le-va-mejor-con-la-llegada-de-inversiones-confirma-gobernador-esteban-villegas-instalacion-de-16-empresas-que-generaran-hasta-17-mil-empleos-para-la-region","status":"publish","type":"post","link":"https:\/\/zonalimitrofe-cbnr.com\/index.php\/2024\/05\/11\/durango-a-la-laguna-le-va-mejor-con-la-llegada-de-inversiones-confirma-gobernador-esteban-villegas-instalacion-de-16-empresas-que-generaran-hasta-17-mil-empleos-para-la-region\/","title":{"rendered":"#Durango. \u201cA la Laguna le va mejor con la llegada de inversiones\u201d; confirma gobernador Esteban Villegas instalaci\u00f3n de 16 empresas que generar\u00e1n hasta 17 mil empleos para la regi\u00f3n"},"content":{"rendered":"\n<p>Las gestiones del gobernador Esteban Villegas se cristalizan en la Comarca Lagunera con la llegada de 16 nuevas empresas para G\u00f3mez Palacio, Lerdo, Tlahualilo y Mapim\u00ed, que representan m\u00e1s de 13 mil 600 millones de pesos y 17 mil empleos directos que le cambiar\u00e1 el rumbo a la Laguna.<\/p>\n\n\n\n<p>\u201cA La Laguna le va mejor con la llegada de inversiones y apenas es el comienzo\u201d afirm\u00f3 en rueda de prensa ante medios de comunicaci\u00f3n, donde dio a conocer los logros de su segunda gira a China, como las 16 inversiones confirmadas para esta regi\u00f3n.<\/p>\n\n\n\n<p>El Ejecutivo, detall\u00f3 los beneficios y el impacto que se generar\u00e1n con el inicio de nuevas empresas provenientes de M\u00e9xico, Corea, Estados Unidos, Canad\u00e1 y Espa\u00f1a.<\/p>\n\n\n\n<p>En su reciente gira de trabajo al pa\u00eds asi\u00e1tico, se concretaron las firmas de Cartas de Confidencialidad, as\u00ed como los acuerdos de empresas que llegar\u00e1n a Durango para seguir con las negociaciones.<\/p>\n\n\n\n<p>\u201cVienen buenas cosas para la Regi\u00f3n Laguna\u201d, expuso al compartir que se tuvo la oportunidad de ver alrededor de 90 empresas.<\/p>\n\n\n\n<p>\u201cS\u00ed podemos traer inversi\u00f3n buena con empleos bien pagados\u201d, expres\u00f3 tras enumerar las visitas que realizaron a las empresas en China, donde incluso en el \u201cAuto Show\u201d, fue el \u00fanico Gobernador del pa\u00eds que tuvo intervenci\u00f3n.<\/p>\n\n\n\n<p>\u201cCambiamos el rumbo en lo econ\u00f3mico y a\u00fan no llevamos ni dos a\u00f1os\u201d, asinti\u00f3 el Gobernador tras recordar que en el pasado 2016, \u00e9l hab\u00eda hecho una propuesta; si lograban traer una armadora se alcanzar\u00edan hasta 70 mil empleos entre directos e indirectos, \u201cy hoy aqu\u00ed estamos para decirles s\u00ed se puede\u201d.<\/p>\n\n\n\n<p>\u201cMe compromet\u00ed con Lety y Homero a regresarle el brillo a la Laguna y en eso estamos\u201d, dijo al comentar sobre pl\u00e1ticas que ha tenido con la empresa Tarafert, con quienes tambi\u00e9n se tiene acuerdo de confidencialidad.<\/p>\n\n\n\n<p>Adem\u00e1s existe otro proyecto solar autorizado por la Federaci\u00f3n, con la empresa Iberdrola que va a generar casi un Gigawatt de energ\u00eda.<\/p>\n\n\n\n<p>Menci\u00f3n que tambi\u00e9n, hay pl\u00e1ticas para un Centro de Tecnolog\u00eda y Desarrollo en la Comarca Lagunera por su ubicaci\u00f3n.<\/p>\n\n\n\n<p>\u201cVamos a dejar una Comarca Lagunera distinta, mejor\u201d, afirm\u00f3 al compartir que, al t\u00e9rmino de la rueda de prensa, saldr\u00eda a Mapim\u00ed a inaugurar la primera planta de las inversiones anunciadas que generar\u00e1 800 empleos directos y bien pagados; en unos d\u00edas m\u00e1s, se abrir\u00e1 otra compa\u00f1\u00eda en Tlahualilo con mil 500 empleos.<\/p>\n\n\n\n<p>En Sim\u00f3n Bol\u00edvar, explic\u00f3 que se requer\u00eda arreglar la carretera y hacer el relleno sanitario, los cuales ya se tienen, por lo que, ahora est\u00e1n en los \u00faltimos arreglos para la llegada de otra inversi\u00f3n; \u201cvienen m\u00e1s cosas buenas\u201d, abund\u00f3.<\/p>\n\n\n\n<p>\u201cEstamos preparados para ser una potencia, M\u00e9xico est\u00e1 en el mejor momento y listo para dar ese brinco\u201d.<\/p>\n","protected":false},"excerpt":{"rendered":"<p>Las gestiones del gobernador Esteban Villegas se cristalizan en la Comarca Lagunera con la llegada de 16 nuevas empresas para G\u00f3mez Palacio, Lerdo, Tlahualilo y Mapim\u00ed, que representan m\u00e1s de 13 mil 600 millones de pesos y 17 mil empleos directos que le cambiar\u00e1 el rumbo a la Laguna. \u201cA La Laguna le va mejor [&hellip;]<\/p>\n","protected":false},"author":1,"featured_media":5074,"comment_status":"open","ping_status":"open","sticky":false,"template":"","format":"standard","meta":{"_monsterinsights_skip_tracking":false,"_monsterinsights_sitenote_active":false,"_monsterinsights_sitenote_note":"","_monsterinsights_sitenote_category":0,"footnotes":""},"categories":[1],"tags":[],"_links":{"self":[{"href":"https:\/\/zonalimitrofe-cbnr.com\/index.php\/wp-json\/wp\/v2\/posts\/5073"}],"collection":[{"href":"https:\/\/zonalimitrofe-cbnr.com\/index.php\/wp-json\/wp\/v2\/posts"}],"about":[{"href":"https:\/\/zonalimitrofe-cbnr.com\/index.php\/wp-json\/wp\/v2\/types\/post"}],"author":[{"embeddable":true,"href":"https:\/\/zonalimitrofe-cbnr.com\/index.php\/wp-json\/wp\/v2\/users\/1"}],"replies":[{"embeddable":true,"href":"https:\/\/zonalimitrofe-cbnr.com\/index.php\/wp-json\/wp\/v2\/comments?post=5073"}],"version-history":[{"count":1,"href":"https:\/\/zonalimitrofe-cbnr.com\/index.php\/wp-json\/wp\/v2\/posts\/5073\/revisions"}],"predecessor-version":[{"id":5075,"href":"https:\/\/zonalimitrofe-cbnr.com\/index.php\/wp-json\/wp\/v2\/posts\/5073\/revisions\/5075"}],"wp:featuredmedia":[{"embeddable":true,"href":"https:\/\/zonalimitrofe-cbnr.com\/index.php\/wp-json\/wp\/v2\/media\/5074"}],"wp:attachment":[{"href":"https:\/\/zonalimitrofe-cbnr.com\/index.php\/wp-json\/wp\/v2\/media?parent=5073"}],"wp:term":[{"taxonomy":"category","embeddable":true,"href":"https:\/\/zonalimitrofe-cbnr.com\/index.php\/wp-json\/wp\/v2\/categories?post=5073"},{"taxonomy":"post_tag","embeddable":true,"href":"https:\/\/zonalimitrofe-cbnr.com\/index.php\/wp-json\/wp\/v2\/tags?post=5073"}],"curies":[{"name":"wp","href":"https:\/\/api.w.org\/{rel}","templated":true}]}}