{"id":5061,"date":"2024-05-11T13:17:27","date_gmt":"2024-05-11T19:17:27","guid":{"rendered":"https:\/\/zonalimitrofe-cbnr.com\/?p=5061"},"modified":"2024-05-11T13:17:27","modified_gmt":"2024-05-11T19:17:27","slug":"gp-colocan-ofrenda-floral-en-el-monumento-gratitud-a-la-madre-de-gomez-palacio","status":"publish","type":"post","link":"https:\/\/zonalimitrofe-cbnr.com\/index.php\/2024\/05\/11\/gp-colocan-ofrenda-floral-en-el-monumento-gratitud-a-la-madre-de-gomez-palacio\/","title":{"rendered":"#GP. Colocan ofrenda floral en el Monumento \u201cGratitud a la Madre\u201d de G\u00f3mez Palacio*"},"content":{"rendered":"\n<p>Debido a que las mam\u00e1s representan un pilar en cada uno de los hogares de G\u00f3mez Palacio, reflejando los valores y tradiciones del D\u00eda de las Madres, la ma\u00f1ana del 10 de mayo, el Municipio a trav\u00e9s del Sistema para el Desarrollo Integral de la Familia DIF, coloc\u00f3 una ofrenda floral y mont\u00f3 una guardia de honor en el Monumento \u201cGratitud a la Madre\u201d.<\/p>\n\n\n\n<p>\u201cLas madres de familia son factor de unidad, fortaleza y solidaridad, todo lo que es una sociedad se lo debemos a ellas, por esto debe reconocerse su entrega, su capacidad para el trabajo e incansable esp\u00edritu de lucha; porque un pa\u00eds m\u00e1s justo y equitativo comienza en el hogar\u201d, mencion\u00f3 Maribel Campos Dom\u00ednguez, encargada del DIF G\u00f3mez Palacio.<\/p>\n\n\n\n<p>En compa\u00f1\u00eda de entusiastas madres que forman parte del Sistema Para el Desarrollo Integral de la Familia, la funcionaria encabez\u00f3 una guardia de honor y colocaci\u00f3n de ofrenda floral, en reconocimiento a todas las madres de familia de G\u00f3mez Palacio.<\/p>\n\n\n\n<p>Al tomar la palabra, Campos Dom\u00ednguez enalteci\u00f3 a las mujeres que se dividen para trabajar, educar y guiar a una familia; entre sus m\u00faltiples facetas y reconoci\u00f3 el enorme esfuerzo que diariamente hacen por sacar adelante a sus hijos.<\/p>\n\n\n\n<p>Agradeci\u00f3 la presencia de las madres de familia que la acompa\u00f1aron, para despu\u00e9s hacer la colocaci\u00f3n de ofrenda floral, en emotivo acto que se llev\u00f3 a cabo en el Monumento \u201cGratitud a la Madre\u201d, frente a la Escuela Primaria \u201c18 de Marzo\u201d.<\/p>\n","protected":false},"excerpt":{"rendered":"<p>Debido a que las mam\u00e1s representan un pilar en cada uno de los hogares de G\u00f3mez Palacio, reflejando los valores y tradiciones del D\u00eda de las Madres, la ma\u00f1ana del 10 de mayo, el Municipio a trav\u00e9s del Sistema para el Desarrollo Integral de la Familia DIF, coloc\u00f3 una ofrenda floral y mont\u00f3 una guardia [&hellip;]<\/p>\n","protected":false},"author":1,"featured_media":5062,"comment_status":"open","ping_status":"open","sticky":false,"template":"","format":"standard","meta":{"_monsterinsights_skip_tracking":false,"_monsterinsights_sitenote_active":false,"_monsterinsights_sitenote_note":"","_monsterinsights_sitenote_category":0,"footnotes":""},"categories":[1],"tags":[],"_links":{"self":[{"href":"https:\/\/zonalimitrofe-cbnr.com\/index.php\/wp-json\/wp\/v2\/posts\/5061"}],"collection":[{"href":"https:\/\/zonalimitrofe-cbnr.com\/index.php\/wp-json\/wp\/v2\/posts"}],"about":[{"href":"https:\/\/zonalimitrofe-cbnr.com\/index.php\/wp-json\/wp\/v2\/types\/post"}],"author":[{"embeddable":true,"href":"https:\/\/zonalimitrofe-cbnr.com\/index.php\/wp-json\/wp\/v2\/users\/1"}],"replies":[{"embeddable":true,"href":"https:\/\/zonalimitrofe-cbnr.com\/index.php\/wp-json\/wp\/v2\/comments?post=5061"}],"version-history":[{"count":1,"href":"https:\/\/zonalimitrofe-cbnr.com\/index.php\/wp-json\/wp\/v2\/posts\/5061\/revisions"}],"predecessor-version":[{"id":5063,"href":"https:\/\/zonalimitrofe-cbnr.com\/index.php\/wp-json\/wp\/v2\/posts\/5061\/revisions\/5063"}],"wp:featuredmedia":[{"embeddable":true,"href":"https:\/\/zonalimitrofe-cbnr.com\/index.php\/wp-json\/wp\/v2\/media\/5062"}],"wp:attachment":[{"href":"https:\/\/zonalimitrofe-cbnr.com\/index.php\/wp-json\/wp\/v2\/media?parent=5061"}],"wp:term":[{"taxonomy":"category","embeddable":true,"href":"https:\/\/zonalimitrofe-cbnr.com\/index.php\/wp-json\/wp\/v2\/categories?post=5061"},{"taxonomy":"post_tag","embeddable":true,"href":"https:\/\/zonalimitrofe-cbnr.com\/index.php\/wp-json\/wp\/v2\/tags?post=5061"}],"curies":[{"name":"wp","href":"https:\/\/api.w.org\/{rel}","templated":true}]}}