{"id":5052,"date":"2024-05-10T17:40:11","date_gmt":"2024-05-10T23:40:11","guid":{"rendered":"https:\/\/zonalimitrofe-cbnr.com\/?p=5052"},"modified":"2024-05-10T17:40:12","modified_gmt":"2024-05-10T23:40:12","slug":"lerdo-conmemoracion-dia-de-las-madres","status":"publish","type":"post","link":"https:\/\/zonalimitrofe-cbnr.com\/index.php\/2024\/05\/10\/lerdo-conmemoracion-dia-de-las-madres\/","title":{"rendered":"#Lerdo. CONMEMORACI\u00d3N D\u00cdA DE LAS MADRES*"},"content":{"rendered":"\n<p>En el D\u00eda de las Madres, la Direcci\u00f3n de Educaci\u00f3n Municipal, en colaboraci\u00f3n con el Instituto de Estudios Superiores de Educaci\u00f3n Normal (IESEN), llev\u00f3 a cabo una emotiva conmemoraci\u00f3n para honrar a todas las madres del municipio de Lerdo, en el parque Victoria.<\/p>\n\n\n\n<p>Fue el alcalde Homero Mart\u00ednez Cabrera quien entreg\u00f3 personalmente rosas a cada una de las presentes en este evento, que reuni\u00f3 a madres en un ambiente de alegr\u00eda y gratitud.<\/p>\n\n\n\n<p>El Presidente Municipal resalt\u00f3 la importancia de las madres como pilares en el seno familiar, reconociendo su dedicaci\u00f3n, no solo al cumplimiento de sus responsabilidades, sino tambi\u00e9n a sacar adelante a sus familias.<\/p>\n\n\n\n<p>Destac\u00f3 adem\u00e1s el compromiso de las autoridades municipales en la implementaci\u00f3n de pol\u00edticas p\u00fablicas que brinden apoyo integral a las madres de Ciudad Lerdo, garantizando su acceso a la educaci\u00f3n, servicios de salud, impulsando su econom\u00eda y previniendo la violencia intrafamiliar.<\/p>\n\n\n\n<p>Para celebrar el invaluable papel de las madres en la sociedad, se cont\u00f3 con diversas actividades; desde las primeras horas de la ma\u00f1ana, el grupo de Zumba \u201cLas Amazonas\u201d contagi\u00f3 a todos los presentes con su energ\u00eda y vitalidad, animando el inicio de la jornada festiva.<\/p>\n\n\n\n<p>La m\u00fasica tambi\u00e9n ocup\u00f3 lugar central en la celebraci\u00f3n, con Las Ma\u00f1anitas, interpretadas por la Banda de M\u00fasica N\u00famero 02 del Estado, cuyos acordes resonaron con cari\u00f1o en el coraz\u00f3n de los asistentes.<\/p>\n\n\n\n<p>As\u00ed mismo, el talentoso Dueto Allegro Vivace conmovi\u00f3 a la audiencia con sus interpretaciones \u201cCoraz\u00f3n de Ni\u00f1o&#8221; y \u201cContigo Aprend\u00ed\u201d, recordando los lazos especiales que unen a madres e hijos.<br>Por otra parte, el arte y la cultura estuvieron presentes a trav\u00e9s del grupo de danza folcl\u00f3rica de Estudios Superiores de Educaci\u00f3n Normal, que deleit\u00f3 a todos con su vibrante ejecuci\u00f3n de los tradicionales bailes calabaceados.<\/p>\n\n\n\n<p>Las reconocidas Hermanas Ponce, originarias de Villa Ju\u00e1rez, hicieron vibrar el escenario con sus melodiosas voces, interpretando emotivas canciones como \u201cFlor de Campo\u201d, \u201cTu Nuevo Cari\u00f1ito\u201d y \u201cCelos del Viento\u201d.<\/p>\n\n\n\n<p>Para culminar, frente al monumento en honor a la Madre, el personal de la Direcci\u00f3n de Educaci\u00f3n, coloc\u00f3 una ofrenda floral y rindi\u00f3 guardia de honor, agradeciendo el acompa\u00f1amiento de la gente.<\/p>\n","protected":false},"excerpt":{"rendered":"<p>En el D\u00eda de las Madres, la Direcci\u00f3n de Educaci\u00f3n Municipal, en colaboraci\u00f3n con el Instituto de Estudios Superiores de Educaci\u00f3n Normal (IESEN), llev\u00f3 a cabo una emotiva conmemoraci\u00f3n para honrar a todas las madres del municipio de Lerdo, en el parque Victoria. Fue el alcalde Homero Mart\u00ednez Cabrera quien entreg\u00f3 personalmente rosas a cada [&hellip;]<\/p>\n","protected":false},"author":1,"featured_media":5053,"comment_status":"open","ping_status":"open","sticky":false,"template":"","format":"standard","meta":{"_monsterinsights_skip_tracking":false,"_monsterinsights_sitenote_active":false,"_monsterinsights_sitenote_note":"","_monsterinsights_sitenote_category":0,"footnotes":""},"categories":[1],"tags":[],"_links":{"self":[{"href":"https:\/\/zonalimitrofe-cbnr.com\/index.php\/wp-json\/wp\/v2\/posts\/5052"}],"collection":[{"href":"https:\/\/zonalimitrofe-cbnr.com\/index.php\/wp-json\/wp\/v2\/posts"}],"about":[{"href":"https:\/\/zonalimitrofe-cbnr.com\/index.php\/wp-json\/wp\/v2\/types\/post"}],"author":[{"embeddable":true,"href":"https:\/\/zonalimitrofe-cbnr.com\/index.php\/wp-json\/wp\/v2\/users\/1"}],"replies":[{"embeddable":true,"href":"https:\/\/zonalimitrofe-cbnr.com\/index.php\/wp-json\/wp\/v2\/comments?post=5052"}],"version-history":[{"count":1,"href":"https:\/\/zonalimitrofe-cbnr.com\/index.php\/wp-json\/wp\/v2\/posts\/5052\/revisions"}],"predecessor-version":[{"id":5054,"href":"https:\/\/zonalimitrofe-cbnr.com\/index.php\/wp-json\/wp\/v2\/posts\/5052\/revisions\/5054"}],"wp:featuredmedia":[{"embeddable":true,"href":"https:\/\/zonalimitrofe-cbnr.com\/index.php\/wp-json\/wp\/v2\/media\/5053"}],"wp:attachment":[{"href":"https:\/\/zonalimitrofe-cbnr.com\/index.php\/wp-json\/wp\/v2\/media?parent=5052"}],"wp:term":[{"taxonomy":"category","embeddable":true,"href":"https:\/\/zonalimitrofe-cbnr.com\/index.php\/wp-json\/wp\/v2\/categories?post=5052"},{"taxonomy":"post_tag","embeddable":true,"href":"https:\/\/zonalimitrofe-cbnr.com\/index.php\/wp-json\/wp\/v2\/tags?post=5052"}],"curies":[{"name":"wp","href":"https:\/\/api.w.org\/{rel}","templated":true}]}}