{"id":5039,"date":"2024-05-10T17:24:47","date_gmt":"2024-05-10T23:24:47","guid":{"rendered":"https:\/\/zonalimitrofe-cbnr.com\/?p=5039"},"modified":"2024-05-10T17:24:47","modified_gmt":"2024-05-10T23:24:47","slug":"lerdo-firma-convenio-de-colaboracion","status":"publish","type":"post","link":"https:\/\/zonalimitrofe-cbnr.com\/index.php\/2024\/05\/10\/lerdo-firma-convenio-de-colaboracion\/","title":{"rendered":"#Lerdo. FIRMA CONVENIO DE COLABORACI\u00d3N"},"content":{"rendered":"\n<p>El alcalde de Lerdo, Homero Mart\u00ednez Cabrera firm\u00f3 el convenio de colaboraci\u00f3n con el Centro Oftalmol\u00f3gico Universitario en la &#8220;Sala Presidentes&#8221; del Palacio Municipal, junto al Secretario del Ayuntamiento, Jes\u00fas Eduardo Lara Urby; el Doctor Ramiro Silva Camacho, director de la Instituci\u00f3n; el Doctor Omar G\u00f3mez Gonz\u00e1lez, y personal de salud de la prestigiada instituci\u00f3n.<\/p>\n\n\n\n<p>Es as\u00ed, que se dio a conocer, la segunda semana del mes de junio iniciar\u00e1 la jornada de operaciones de cataratas en beneficio de la ciudadan\u00eda lerdense, donde la Presidencia aportar\u00e1 un porcentaje econ\u00f3mico mayor para que, quienes requieran esta cirug\u00eda la puedan obtener a un precio bajo.<\/p>\n\n\n\n<p>Cabe hacer menci\u00f3n que el pasado jueves 09 de mayo, se llev\u00f3 a cabo la \u00faltima Brigada de Salud Visual, para la detecci\u00f3n de personas que requieren dicha operaci\u00f3n. El Instituto para las Personas Adultas Mayores del Municipio de Lerdo, inform\u00f3 que alrededor de 250 lerdenses son candidatos a esta cirug\u00eda.<\/p>\n\n\n\n<p>Las cinco Villas, comunidades como La Carpa, Seis de Enero, \u00c1lvaro Obreg\u00f3n, sus alrededores, y colonias estrat\u00e9gicamente seleccionadas de la zona urbana, fueron visitadas durante estas brigadas de salud, con el objetivo de llegar a aquellos ciudadanos que presentan una discapacidad visual y mejorar su calidad de vida.<\/p>\n","protected":false},"excerpt":{"rendered":"<p>El alcalde de Lerdo, Homero Mart\u00ednez Cabrera firm\u00f3 el convenio de colaboraci\u00f3n con el Centro Oftalmol\u00f3gico Universitario en la &#8220;Sala Presidentes&#8221; del Palacio Municipal, junto al Secretario del Ayuntamiento, Jes\u00fas Eduardo Lara Urby; el Doctor Ramiro Silva Camacho, director de la Instituci\u00f3n; el Doctor Omar G\u00f3mez Gonz\u00e1lez, y personal de salud de la prestigiada instituci\u00f3n. [&hellip;]<\/p>\n","protected":false},"author":1,"featured_media":5040,"comment_status":"open","ping_status":"open","sticky":false,"template":"","format":"standard","meta":{"_monsterinsights_skip_tracking":false,"_monsterinsights_sitenote_active":false,"_monsterinsights_sitenote_note":"","_monsterinsights_sitenote_category":0,"footnotes":""},"categories":[1],"tags":[],"_links":{"self":[{"href":"https:\/\/zonalimitrofe-cbnr.com\/index.php\/wp-json\/wp\/v2\/posts\/5039"}],"collection":[{"href":"https:\/\/zonalimitrofe-cbnr.com\/index.php\/wp-json\/wp\/v2\/posts"}],"about":[{"href":"https:\/\/zonalimitrofe-cbnr.com\/index.php\/wp-json\/wp\/v2\/types\/post"}],"author":[{"embeddable":true,"href":"https:\/\/zonalimitrofe-cbnr.com\/index.php\/wp-json\/wp\/v2\/users\/1"}],"replies":[{"embeddable":true,"href":"https:\/\/zonalimitrofe-cbnr.com\/index.php\/wp-json\/wp\/v2\/comments?post=5039"}],"version-history":[{"count":1,"href":"https:\/\/zonalimitrofe-cbnr.com\/index.php\/wp-json\/wp\/v2\/posts\/5039\/revisions"}],"predecessor-version":[{"id":5041,"href":"https:\/\/zonalimitrofe-cbnr.com\/index.php\/wp-json\/wp\/v2\/posts\/5039\/revisions\/5041"}],"wp:featuredmedia":[{"embeddable":true,"href":"https:\/\/zonalimitrofe-cbnr.com\/index.php\/wp-json\/wp\/v2\/media\/5040"}],"wp:attachment":[{"href":"https:\/\/zonalimitrofe-cbnr.com\/index.php\/wp-json\/wp\/v2\/media?parent=5039"}],"wp:term":[{"taxonomy":"category","embeddable":true,"href":"https:\/\/zonalimitrofe-cbnr.com\/index.php\/wp-json\/wp\/v2\/categories?post=5039"},{"taxonomy":"post_tag","embeddable":true,"href":"https:\/\/zonalimitrofe-cbnr.com\/index.php\/wp-json\/wp\/v2\/tags?post=5039"}],"curies":[{"name":"wp","href":"https:\/\/api.w.org\/{rel}","templated":true}]}}