{"id":5028,"date":"2024-05-10T17:14:07","date_gmt":"2024-05-10T23:14:07","guid":{"rendered":"https:\/\/zonalimitrofe-cbnr.com\/?p=5028"},"modified":"2024-05-10T17:14:08","modified_gmt":"2024-05-10T23:14:08","slug":"gp-gomezpalatinas-celebran-el-dia-de-la-madre-con-un-gran-concierto-a-cargo-sonora-santanera-y-maria-fernanda-en-la-expoferia","status":"publish","type":"post","link":"https:\/\/zonalimitrofe-cbnr.com\/index.php\/2024\/05\/10\/gp-gomezpalatinas-celebran-el-dia-de-la-madre-con-un-gran-concierto-a-cargo-sonora-santanera-y-maria-fernanda-en-la-expoferia\/","title":{"rendered":"#GP. Gomezpalatinas celebran el D\u00eda de la Madre con un gran concierto a cargo Sonora Santanera y Mar\u00eda Fernanda en la ExpoFeria*"},"content":{"rendered":"\n<p>Una memorable velada, llena de alegr\u00eda buena m\u00fasica y muchas sorpresas vivieron en la Velaria de la ExpoFeria, miles de madres gomezpalatinas y sus familias, con la magn\u00edfica presentaci\u00f3n de la Sonora Santanera, acompa\u00f1ados de la cantante Mar\u00eda Fernanda, en un gran espect\u00e1culo preparado por el municipio de G\u00f3mez Palacio, para festejar el D\u00eda de las Madres<\/p>\n\n\n\n<p>Melissa Reuter P\u00e9rez, titular de la Direcci\u00f3n de Arte y Cultura manifest\u00f3 que fueron miles de gomezpalatinos que acudieron puntuales a la cita en la Velaria, para disfrutar este magno evento, con el que se celebr\u00f3 esta fecha tan especial.<\/p>\n\n\n\n<p>Como pre\u00e1mbulo al evento principal, el festejo arranc\u00f3 con la presentaci\u00f3n del cantante lagunero Aldo Pel\u00e1ez, quien deleit\u00f3 al p\u00fablico con canciones del g\u00e9nero regional mexicano, con las cuales puso a bailar a los asistentes.<\/p>\n\n\n\n<p>Le sigui\u00f3 en el escenario el saxofonista Gerardo Galarza, quien interpret\u00f3 con extraordinaria sensibilidad, var\u00edas melod\u00edas que gustaron al respetable.<\/p>\n\n\n\n<p>Y fue en punto de las 20:20 horas, cuando la afamada agrupaci\u00f3n hizo su aparici\u00f3n en el escenario, arrancando los aplausos de las madres gomezpalatinas quienes esperaban ansiosas para ver a la legendaria agrupaci\u00f3n fundada en 1955, por el afamado compositor y cantante Carlos Colorado.<\/p>\n\n\n\n<p>Tras una presentaci\u00f3n audiovisual de todos sus integrantes, la Sonora Santanera arranc\u00f3 con una de sus melod\u00edas m\u00e1s emblem\u00e1ticas, La Boa, con la cual puso a bailar a todos los asistentes, para luego seguir con el mismo ritmo, entonando El Orangut\u00e1n y la Orangutana para luego recibir con un fuerte aplauso a Mar\u00eda Fernanda, al cantar otra de las favoritas del p\u00fablico, \u201cEl ladr\u00f3n\u201d.<\/p>\n\n\n\n<p>Y as\u00ed, los santaneros continuaron deleitando al p\u00fablico, con \u00e9xitos como Luces de Nueva York, Mi Raz\u00f3n, Perfume de Gardenias, Amor de Cabaret, Por las calles de M\u00e9xico, Fruto Robado y Ya te conoc\u00ed, entre otras.<\/p>\n\n\n\n<p>Melod\u00edas que dejaron un grato recuerdo a los asistentes a este concierto, preparado especialmente para festejar a las madres gomezpalatinas, quienes quedaron complacidas por el evento, pues antes de cerrar la noche pudieron llevarse una sorpresa final a casa.<\/p>\n","protected":false},"excerpt":{"rendered":"<p>Una memorable velada, llena de alegr\u00eda buena m\u00fasica y muchas sorpresas vivieron en la Velaria de la ExpoFeria, miles de madres gomezpalatinas y sus familias, con la magn\u00edfica presentaci\u00f3n de la Sonora Santanera, acompa\u00f1ados de la cantante Mar\u00eda Fernanda, en un gran espect\u00e1culo preparado por el municipio de G\u00f3mez Palacio, para festejar el D\u00eda de [&hellip;]<\/p>\n","protected":false},"author":1,"featured_media":5029,"comment_status":"open","ping_status":"open","sticky":false,"template":"","format":"standard","meta":{"_monsterinsights_skip_tracking":false,"_monsterinsights_sitenote_active":false,"_monsterinsights_sitenote_note":"","_monsterinsights_sitenote_category":0,"footnotes":""},"categories":[1],"tags":[],"_links":{"self":[{"href":"https:\/\/zonalimitrofe-cbnr.com\/index.php\/wp-json\/wp\/v2\/posts\/5028"}],"collection":[{"href":"https:\/\/zonalimitrofe-cbnr.com\/index.php\/wp-json\/wp\/v2\/posts"}],"about":[{"href":"https:\/\/zonalimitrofe-cbnr.com\/index.php\/wp-json\/wp\/v2\/types\/post"}],"author":[{"embeddable":true,"href":"https:\/\/zonalimitrofe-cbnr.com\/index.php\/wp-json\/wp\/v2\/users\/1"}],"replies":[{"embeddable":true,"href":"https:\/\/zonalimitrofe-cbnr.com\/index.php\/wp-json\/wp\/v2\/comments?post=5028"}],"version-history":[{"count":1,"href":"https:\/\/zonalimitrofe-cbnr.com\/index.php\/wp-json\/wp\/v2\/posts\/5028\/revisions"}],"predecessor-version":[{"id":5030,"href":"https:\/\/zonalimitrofe-cbnr.com\/index.php\/wp-json\/wp\/v2\/posts\/5028\/revisions\/5030"}],"wp:featuredmedia":[{"embeddable":true,"href":"https:\/\/zonalimitrofe-cbnr.com\/index.php\/wp-json\/wp\/v2\/media\/5029"}],"wp:attachment":[{"href":"https:\/\/zonalimitrofe-cbnr.com\/index.php\/wp-json\/wp\/v2\/media?parent=5028"}],"wp:term":[{"taxonomy":"category","embeddable":true,"href":"https:\/\/zonalimitrofe-cbnr.com\/index.php\/wp-json\/wp\/v2\/categories?post=5028"},{"taxonomy":"post_tag","embeddable":true,"href":"https:\/\/zonalimitrofe-cbnr.com\/index.php\/wp-json\/wp\/v2\/tags?post=5028"}],"curies":[{"name":"wp","href":"https:\/\/api.w.org\/{rel}","templated":true}]}}