{"id":4971,"date":"2024-05-09T14:47:46","date_gmt":"2024-05-09T20:47:46","guid":{"rendered":"https:\/\/zonalimitrofe-cbnr.com\/?p=4971"},"modified":"2024-05-09T14:47:47","modified_gmt":"2024-05-09T20:47:47","slug":"coahuila-presentan-la-xxviii-edicion-del-festival-internacional-de-guitarra-de-mexico","status":"publish","type":"post","link":"https:\/\/zonalimitrofe-cbnr.com\/index.php\/2024\/05\/09\/coahuila-presentan-la-xxviii-edicion-del-festival-internacional-de-guitarra-de-mexico\/","title":{"rendered":"#Coahuila. PRESENTAN LA XXVIII EDICI\u00d3N DEL FESTIVAL INTERNACIONAL DE GUITARRA DE M\u00c9XICO"},"content":{"rendered":"\n<p>\u00b7 Tendr\u00e1 lugar del 30 de junio al 6 de julio<\/p>\n\n\n\n<p>\u00b7 En Saltillo, Parras de la Fuente y Ciudad Acu\u00f1a<\/p>\n\n\n\n<p>\u00b7 Con 9 conciertos; 11 clases magistrales; 2 talleres de mantenimiento de guitarra y 2 conferencias<\/p>\n\n\n\n<p>\u00b7 Ser\u00e1 sede del D\u00e9cimo Concurso Nacional de Guitarra de M\u00e9xico<\/p>\n\n\n\n<p>Saltillo, Coahuila de Zaragoza, a 08 de mayo de 2024.- El Gobierno del Estado y el Ayuntamiento de Saltillo, presentaron la XXVIII Edici\u00f3n del Festival Internacional de la Guitarra de M\u00e9xico (FIGM), con la participaci\u00f3n de un nutrido grupo de artistas nacionales y extranjeros que ofrecer\u00e1n sus presentaciones en Saltillo, Parras de la Fuente y Ciudad Acu\u00f1a.<\/p>\n\n\n\n<p>Las titulares de la Secretar\u00eda de Cultura (SC) y del Instituto Municipal de Cultura (IMC), Esther Quintana Salinas y Leticia Rodarte, respectivamente, detallaron las m\u00faltiples actividades que se verificar\u00e1n entre el domingo 30 de junio y el s\u00e1bado 6 de julio.<\/p>\n\n\n\n<p>Se presentar\u00e1 en Saltillo, con 7 conciertos; en Parras de la Fuente y en Ciudad Acu\u00f1a, uno en cada una de ellas; tambi\u00e9n se tendr\u00e1n 11 Clases Magistrales; 2 Talleres de Mantenimiento de Guitarra y 2 Conferencias.<\/p>\n\n\n\n<p>El Festival, ser\u00e1 la sede, adem\u00e1s, del D\u00e9cimo Concurso Nacional de Guitarra de M\u00e9xico, informaron, y dijeron que los eventos se llevar\u00e1n a cabo en el Teatro de la Ciudad \u201cFernando Soler\u201d; el Museo de las Aves de M\u00e9xico y el Centro Cultural \u201cVito Alessio Robles\u201d, en Saltillo, as\u00ed como en el Templo de San Ignacio de Loyola, en Parras, y en el teatro de la Ciudad, de Acu\u00f1a.<\/p>\n\n\n\n<p>ANTECEDENTES DEL FESTIVAL<\/p>\n\n\n\n<p>El FIGM inici\u00f3 en la UA de C en 1996; a partir del a\u00f1o 2000 es auspiciado por el Gobierno del Estado, y por su trascendencia, que ubica a Saltillo como referente de la m\u00fasica de concierto para cuerdas tanto a nivel nacional como internacional, desde 2022 recibe aportaciones por parte del Gobierno Municipal de Saltillo.<\/p>\n\n\n\n<p>Ocasionalmente, el FIGM recibi\u00f3 aportaciones federales a trav\u00e9s de diversos programas y fondos, entre ellos el Programa de Festivales Culturales y Art\u00edsticos (PROFEST).<\/p>\n\n\n\n<p>A lo largo de sus 27 ediciones anteriores, alcanz\u00f3 una asistencia de alrededor de 185 mil espectadores, tanto de M\u00e9xico como del extranjero; admiraron la participaci\u00f3n de m\u00e1s de 130 maestros del arte de la guitarra, quienes en su oportunidad ofrecieron sus repertorios en m\u00e1s de 25 pa\u00edses de la Uni\u00f3n Europea, Asia y Am\u00e9rica, recordaron.<\/p>\n\n\n\n<p>Adem\u00e1s, el Festival contribuy\u00f3 a la formaci\u00f3n de generaciones de estudiantes y ejecutantes tanto de Coahuila como de entidades como Nuevo Le\u00f3n, Durango, Tamaulipas, Sonora y San Luis Potos\u00ed.<\/p>\n\n\n\n<p>En su oportunidad recibieron instrucci\u00f3n profesional de los prestigiados artistas a trav\u00e9s de las clases magistrales, talleres, charlas y conferencias que se presentaron en cada una de sus ediciones.<\/p>\n\n\n\n<p>PROGRAMA DE ACTIVIDADES:<\/p>\n\n\n\n<p>En la rueda de prensa, el director del FIGM, Mart\u00edn Madrigal, desglos\u00f3 las actividades que se desarrollar\u00e1n a partir del domingo 30 de junio, que iniciar\u00e1n con el Concierto Inaugural con Antonio Rey (Espa\u00f1a) y su gala flamenca,<\/p>\n\n\n\n<p>Luego, el primero de 1 de julio tendr\u00e1 lugar el concierto con Kevin Loh (Singapur), considerado el mejor ejecutante asi\u00e1tico de su generaci\u00f3n.<\/p>\n\n\n\n<p>El 2 de julio ser\u00e1 el concierto con Johannes M\u00f6ller (Suecia), ganador del primer lugar del concurso de la Fundaci\u00f3n de Guitarra de Am\u00e9rica en 2010.<\/p>\n\n\n\n<p>En tanto, el 3 de julio, el concierto con Pablo Garibay (M\u00e9xico), es el guitarrista m\u00e1s completo y con mayor trayectoria del pa\u00eds. Es profesor de guitarra de la Escuela Nacional de M\u00fasica de la UNAM.<\/p>\n\n\n\n<p>Mientras que el 4 de julio, ser\u00e1 el concierto con el Tomassi-Musso Guitar D\u00fao (Italia); ambos, ganadores de m\u00e1s de 30 concursos de guitarra, entre ellos algunos de los m\u00e1s importantes del mundo.<\/p>\n\n\n\n<p>Posteriormente, el 5 de julio, se presentar\u00e1 el concierto con la Orquesta de Guitarras de Coahuila, dirigida por Arody Garc\u00eda.<\/p>\n\n\n\n<p>Asimismo, el 6 de julio, tendr\u00e1 lugar el concierto de clausura con la Orquesta Filarm\u00f3nica del Desierto, dirigida por Natanael Espinoza, con los solistas Jos\u00e9 Mar\u00eda Gallardo (Espa\u00f1a) y Robbin Blanco (M\u00e9xico), m\u00fasicos consolidados de la guitarra internacional.<\/p>\n\n\n\n<p>CONCIERTOS DE EXTENSI\u00d3N:<\/p>\n\n\n\n<p>Ciudad Acu\u00f1a:<\/p>\n\n\n\n<p>El primero de julio con el Concierto con Diego Campagna (Italia), con el Ensamble de Cuerdas de la Orquesta Filarm\u00f3nica del Desierto.<\/p>\n\n\n\n<p>Parras de la Fuente:<\/p>\n\n\n\n<p>En tanto, el 3 de julio, ser\u00e1 el concierto con Ramiro Mart\u00ednez Pi\u00f1a. Consolidado guitarrista mexicano. Actualmente dirige el Ensamble de Guitarras de Quer\u00e9taro.<\/p>\n\n\n\n<p>IMAGEN DE LA XXVIII EDICI\u00d3N DEL FIGM<\/p>\n\n\n\n<p>Por otra parte, las titulares de la SC y del IMC, informaron que la imagen del FIGM, en su vig\u00e9sima octava edici\u00f3n es obra del maestro Guillermo Ram\u00edrez<\/p>\n\n\n\n<p>Es profesor de artes pl\u00e1sticas, ilustrador de literatura infantil y juvenil, adem\u00e1s de ser artista visual.<\/p>\n\n\n\n<p>Ha trabajado como ilustrador y dise\u00f1ador gr\u00e1fico de la Secretar\u00eda de Cultura de Coahuila y del Instituto Municipal de Cultura de Saltillo, con quienes ha ilustrado m\u00e1s de 35 libros de diversa \u00edndole y otros materiales de peque\u00f1o y gran formato.<\/p>\n\n\n\n<p>Para mayor informaci\u00f3n sobre el programa completo, pusieron a disposici\u00f3n de la comunidad la direcci\u00f3n electr\u00f3nica www.coahuila.cultura.gob.mx<\/p>\n","protected":false},"excerpt":{"rendered":"<p>\u00b7 Tendr\u00e1 lugar del 30 de junio al 6 de julio \u00b7 En Saltillo, Parras de la Fuente y Ciudad Acu\u00f1a \u00b7 Con 9 conciertos; 11 clases magistrales; 2 talleres de mantenimiento de guitarra y 2 conferencias \u00b7 Ser\u00e1 sede del D\u00e9cimo Concurso Nacional de Guitarra de M\u00e9xico Saltillo, Coahuila de Zaragoza, a 08 de [&hellip;]<\/p>\n","protected":false},"author":1,"featured_media":4972,"comment_status":"open","ping_status":"open","sticky":false,"template":"","format":"standard","meta":{"_monsterinsights_skip_tracking":false,"_monsterinsights_sitenote_active":false,"_monsterinsights_sitenote_note":"","_monsterinsights_sitenote_category":0,"footnotes":""},"categories":[1],"tags":[],"_links":{"self":[{"href":"https:\/\/zonalimitrofe-cbnr.com\/index.php\/wp-json\/wp\/v2\/posts\/4971"}],"collection":[{"href":"https:\/\/zonalimitrofe-cbnr.com\/index.php\/wp-json\/wp\/v2\/posts"}],"about":[{"href":"https:\/\/zonalimitrofe-cbnr.com\/index.php\/wp-json\/wp\/v2\/types\/post"}],"author":[{"embeddable":true,"href":"https:\/\/zonalimitrofe-cbnr.com\/index.php\/wp-json\/wp\/v2\/users\/1"}],"replies":[{"embeddable":true,"href":"https:\/\/zonalimitrofe-cbnr.com\/index.php\/wp-json\/wp\/v2\/comments?post=4971"}],"version-history":[{"count":1,"href":"https:\/\/zonalimitrofe-cbnr.com\/index.php\/wp-json\/wp\/v2\/posts\/4971\/revisions"}],"predecessor-version":[{"id":4973,"href":"https:\/\/zonalimitrofe-cbnr.com\/index.php\/wp-json\/wp\/v2\/posts\/4971\/revisions\/4973"}],"wp:featuredmedia":[{"embeddable":true,"href":"https:\/\/zonalimitrofe-cbnr.com\/index.php\/wp-json\/wp\/v2\/media\/4972"}],"wp:attachment":[{"href":"https:\/\/zonalimitrofe-cbnr.com\/index.php\/wp-json\/wp\/v2\/media?parent=4971"}],"wp:term":[{"taxonomy":"category","embeddable":true,"href":"https:\/\/zonalimitrofe-cbnr.com\/index.php\/wp-json\/wp\/v2\/categories?post=4971"},{"taxonomy":"post_tag","embeddable":true,"href":"https:\/\/zonalimitrofe-cbnr.com\/index.php\/wp-json\/wp\/v2\/tags?post=4971"}],"curies":[{"name":"wp","href":"https:\/\/api.w.org\/{rel}","templated":true}]}}