{"id":4959,"date":"2024-05-08T17:12:41","date_gmt":"2024-05-08T23:12:41","guid":{"rendered":"https:\/\/zonalimitrofe-cbnr.com\/?p=4959"},"modified":"2024-05-08T17:12:42","modified_gmt":"2024-05-08T23:12:42","slug":"congresocoahuila-reconoce-congreso-a-la-benemerita-escuela-normal-de-coahuila-por-su-130-aniversario","status":"publish","type":"post","link":"https:\/\/zonalimitrofe-cbnr.com\/index.php\/2024\/05\/08\/congresocoahuila-reconoce-congreso-a-la-benemerita-escuela-normal-de-coahuila-por-su-130-aniversario\/","title":{"rendered":"#CongresoCoahuila. Reconoce Congreso a la Benem\u00e9rita Escuela Normal de Coahuila por su 130 aniversario"},"content":{"rendered":"\n<p><strong>Saltillo, Coahuila, 08 de mayo de 2024.<\/strong>&#8211; En sesi\u00f3n del Congreso del Estado se present\u00f3 un pronunciamiento a trav\u00e9s del diputado \u00c1lvaro Moreira Vald\u00e9s en conmemoraci\u00f3n al 130 Aniversario de la Benem\u00e9rita Escuela Normal de Coahuila, asimismo la Legislatura entreg\u00f3 un merecido reconocimiento a esta instituci\u00f3n en presencia del director Pedro Flores V\u00e1zquez, docentes y alumnado que fueron invitados de honor en el recinto legislativo. El pronunciamiento se\u00f1ala que hoy en d\u00eda la Benem\u00e9rita Escuela Normal es uno de los ejes principales del sistema educativo en la entidad, asimismo con la firme visi\u00f3n de coadyuvar a la mejora y especializaci\u00f3n de las y los docentes, se mantiene en constante transformaci\u00f3n adecu\u00e1ndose al avance de los procesos acad\u00e9micos y necesidades pedag\u00f3gicas para que los egresados salgan con un perfil profesional, humanista, inclusivo y con alto sentido de pertenencia y vocaci\u00f3n de servicio. Fundada el 04 de mayo de 1894, bajo el gobierno del Sr. Francisco Arizpe y Ramos, la entonces Escuela Normal para Profesores de Coahuila vio nacer a su primera generaci\u00f3n con apenas 16 alumnos, siendo el profesor Luis A. Beauregard el director fundador. Tiempo despu\u00e9s, dada su trascendencia y fuerte apreciaci\u00f3n por su misi\u00f3n educativa, se le concedi\u00f3 a la escuela el honor de ser reconocida por parte del Congreso del Estado con el t\u00edtulo de Benem\u00e9rita en el a\u00f1o 1983. \u201cHoy el nombre de esta instituci\u00f3n sigue en alto\u2026el normalismo se ha fortalecido para estar a la altura de los retos actuales. Temas como la equidad, igualdad, el respeto y cero tolerancia a la violencia y la discriminaci\u00f3n son asuntos que se han abordado con la m\u00e1xima responsabilidad que tienen las y los docentes de transmitir cultura y conocimiento a las ni\u00f1as y los ni\u00f1os\u201d destaca el pronunciamiento. Posteriormente a la lectura del pronunciamiento, las diputadas y diputados de la LXIII Legislatura entregaron un reconocimiento con motivo del 130 aniversario de la fundaci\u00f3n de la Benem\u00e9rita Escuela Normal de Coahuila, mismo que fue recibido por el director de la BENC, Pedro Flores.<\/p>\n","protected":false},"excerpt":{"rendered":"<p>Saltillo, Coahuila, 08 de mayo de 2024.&#8211; En sesi\u00f3n del Congreso del Estado se present\u00f3 un pronunciamiento a trav\u00e9s del diputado \u00c1lvaro Moreira Vald\u00e9s en conmemoraci\u00f3n al 130 Aniversario de la Benem\u00e9rita Escuela Normal de Coahuila, asimismo la Legislatura entreg\u00f3 un merecido reconocimiento a esta instituci\u00f3n en presencia del director Pedro Flores V\u00e1zquez, docentes y [&hellip;]<\/p>\n","protected":false},"author":1,"featured_media":4960,"comment_status":"open","ping_status":"open","sticky":false,"template":"","format":"standard","meta":{"_monsterinsights_skip_tracking":false,"_monsterinsights_sitenote_active":false,"_monsterinsights_sitenote_note":"","_monsterinsights_sitenote_category":0,"footnotes":""},"categories":[1],"tags":[],"_links":{"self":[{"href":"https:\/\/zonalimitrofe-cbnr.com\/index.php\/wp-json\/wp\/v2\/posts\/4959"}],"collection":[{"href":"https:\/\/zonalimitrofe-cbnr.com\/index.php\/wp-json\/wp\/v2\/posts"}],"about":[{"href":"https:\/\/zonalimitrofe-cbnr.com\/index.php\/wp-json\/wp\/v2\/types\/post"}],"author":[{"embeddable":true,"href":"https:\/\/zonalimitrofe-cbnr.com\/index.php\/wp-json\/wp\/v2\/users\/1"}],"replies":[{"embeddable":true,"href":"https:\/\/zonalimitrofe-cbnr.com\/index.php\/wp-json\/wp\/v2\/comments?post=4959"}],"version-history":[{"count":1,"href":"https:\/\/zonalimitrofe-cbnr.com\/index.php\/wp-json\/wp\/v2\/posts\/4959\/revisions"}],"predecessor-version":[{"id":4961,"href":"https:\/\/zonalimitrofe-cbnr.com\/index.php\/wp-json\/wp\/v2\/posts\/4959\/revisions\/4961"}],"wp:featuredmedia":[{"embeddable":true,"href":"https:\/\/zonalimitrofe-cbnr.com\/index.php\/wp-json\/wp\/v2\/media\/4960"}],"wp:attachment":[{"href":"https:\/\/zonalimitrofe-cbnr.com\/index.php\/wp-json\/wp\/v2\/media?parent=4959"}],"wp:term":[{"taxonomy":"category","embeddable":true,"href":"https:\/\/zonalimitrofe-cbnr.com\/index.php\/wp-json\/wp\/v2\/categories?post=4959"},{"taxonomy":"post_tag","embeddable":true,"href":"https:\/\/zonalimitrofe-cbnr.com\/index.php\/wp-json\/wp\/v2\/tags?post=4959"}],"curies":[{"name":"wp","href":"https:\/\/api.w.org\/{rel}","templated":true}]}}