{"id":493,"date":"2024-01-13T01:38:00","date_gmt":"2024-01-13T01:38:00","guid":{"rendered":"https:\/\/zonalimitrofe-cbnr.com\/?p=493"},"modified":"2024-01-13T01:38:00","modified_gmt":"2024-01-13T01:38:00","slug":"lerdo-visitan-comunidad-las-isabeles-con-platica-de-prevencion-a-la-violencia","status":"publish","type":"post","link":"https:\/\/zonalimitrofe-cbnr.com\/index.php\/2024\/01\/13\/lerdo-visitan-comunidad-las-isabeles-con-platica-de-prevencion-a-la-violencia\/","title":{"rendered":"#Lerdo. VISITAN COMUNIDAD LAS ISABELES CON PL\u00c1TICA DE PREVENCI\u00d3N A LA VIOLENCIA*"},"content":{"rendered":"\n<p>Lerdo, 12 enero 2024.- El Instituto Municipal de la Mujer (IMM) en Lerdo, llev\u00f3 una pl\u00e1tica informativa y de prevenci\u00f3n a la violencia, a las madres de familia en la Escuela Benito Ju\u00e1rez de la comunidad Las Isabeles.<\/p>\n\n\n\n<p>La directora del IMM, Mar\u00eda del Refugio Adame G\u00fcereca, comparti\u00f3 que en esta charla se abordaron las modalidades de la violencia: f\u00edsica, psicol\u00f3gica, sexual, econ\u00f3mica y patrimonial.<\/p>\n\n\n\n<p>As\u00ed mismo, se record\u00f3 a las asistentes que la campa\u00f1a \u2018Por ti, por m\u00ed \u00a1por todas!\u2019 sigue vigente, con el objetivo de prevenir, atender, sancionar y erradicar la violencia de g\u00e9nero en el municipio.<\/p>\n\n\n\n<p>Los especialistas en psicolog\u00eda est\u00e1n atentos para responder a la l\u00ednea telef\u00f3nica de emergencia (87 11 16 79 99) las 24 horas del d\u00eda, pues es indicaci\u00f3n del Presidente Municipal Homero Mart\u00ednez Cabrera, velar por la seguridad y el bienestar de las lerdenses.<\/p>\n\n\n\n<p>Cabe destacar que, adem\u00e1s de la pl\u00e1tica, se acudi\u00f3 a diferentes domicilios de la zona para invitar a las mujeres a que se acerquen al instituto y aprovechen los servicios y talleres gratuitos.<\/p>\n","protected":false},"excerpt":{"rendered":"<p>Lerdo, 12 enero 2024.- El Instituto Municipal de la Mujer (IMM) en Lerdo, llev\u00f3 una pl\u00e1tica informativa y de prevenci\u00f3n a la violencia, a las madres de familia en la Escuela Benito Ju\u00e1rez de la comunidad Las Isabeles. La directora del IMM, Mar\u00eda del Refugio Adame G\u00fcereca, comparti\u00f3 que en esta charla se abordaron las [&hellip;]<\/p>\n","protected":false},"author":1,"featured_media":494,"comment_status":"open","ping_status":"open","sticky":false,"template":"","format":"standard","meta":{"_monsterinsights_skip_tracking":false,"_monsterinsights_sitenote_active":false,"_monsterinsights_sitenote_note":"","_monsterinsights_sitenote_category":0,"footnotes":""},"categories":[1],"tags":[],"_links":{"self":[{"href":"https:\/\/zonalimitrofe-cbnr.com\/index.php\/wp-json\/wp\/v2\/posts\/493"}],"collection":[{"href":"https:\/\/zonalimitrofe-cbnr.com\/index.php\/wp-json\/wp\/v2\/posts"}],"about":[{"href":"https:\/\/zonalimitrofe-cbnr.com\/index.php\/wp-json\/wp\/v2\/types\/post"}],"author":[{"embeddable":true,"href":"https:\/\/zonalimitrofe-cbnr.com\/index.php\/wp-json\/wp\/v2\/users\/1"}],"replies":[{"embeddable":true,"href":"https:\/\/zonalimitrofe-cbnr.com\/index.php\/wp-json\/wp\/v2\/comments?post=493"}],"version-history":[{"count":1,"href":"https:\/\/zonalimitrofe-cbnr.com\/index.php\/wp-json\/wp\/v2\/posts\/493\/revisions"}],"predecessor-version":[{"id":495,"href":"https:\/\/zonalimitrofe-cbnr.com\/index.php\/wp-json\/wp\/v2\/posts\/493\/revisions\/495"}],"wp:featuredmedia":[{"embeddable":true,"href":"https:\/\/zonalimitrofe-cbnr.com\/index.php\/wp-json\/wp\/v2\/media\/494"}],"wp:attachment":[{"href":"https:\/\/zonalimitrofe-cbnr.com\/index.php\/wp-json\/wp\/v2\/media?parent=493"}],"wp:term":[{"taxonomy":"category","embeddable":true,"href":"https:\/\/zonalimitrofe-cbnr.com\/index.php\/wp-json\/wp\/v2\/categories?post=493"},{"taxonomy":"post_tag","embeddable":true,"href":"https:\/\/zonalimitrofe-cbnr.com\/index.php\/wp-json\/wp\/v2\/tags?post=493"}],"curies":[{"name":"wp","href":"https:\/\/api.w.org\/{rel}","templated":true}]}}