{"id":4785,"date":"2024-05-03T16:39:01","date_gmt":"2024-05-03T22:39:01","guid":{"rendered":"https:\/\/zonalimitrofe-cbnr.com\/?p=4785"},"modified":"2024-05-03T16:39:02","modified_gmt":"2024-05-03T22:39:02","slug":"gp-madres-en-gomez-palacio-celebraran-su-dia-con-la-sonora-santanera","status":"publish","type":"post","link":"https:\/\/zonalimitrofe-cbnr.com\/index.php\/2024\/05\/03\/gp-madres-en-gomez-palacio-celebraran-su-dia-con-la-sonora-santanera\/","title":{"rendered":"#GP. Madres en G\u00f3mez Palacio celebrar\u00e1n su d\u00eda con la Sonora Santanera*"},"content":{"rendered":"\n<p>+El concierto ser\u00e1 gratuito<\/p>\n\n\n\n<p>El municipio de G\u00f3mez Palacio, celebrar\u00e1 a las Madres, este pr\u00f3ximo jueves 09 de mayo, con un gran concierto a cargo de la \u201cSonora Santanera\u201d acompa\u00f1ados de la cantante Mar\u00eda Fernanda, quienes interpretar\u00e1n su tradicional repertorio a las reinas del hogar.<\/p>\n\n\n\n<p>Melissa Reuter P\u00e9rez, titular de la Direcci\u00f3n de Arte y Cultura del municipio, se\u00f1al\u00f3 que el magno concierto de la afamada agrupaci\u00f3n musical, se llevar\u00e1 a cabo en la Velaria de la Expoferia, y dar\u00e1 inicio en punto de las 19:00 horas, adem\u00e1s indic\u00f3 que la entrada no tendr\u00e1 ning\u00fan costo.<\/p>\n\n\n\n<p>La \u201cSonora Santanera con Mar\u00eda Fernanda\u201d, es una agrupaci\u00f3n musical, que este mes de mayo cumple 69 a\u00f1os de haber sido fundada por el m\u00fasico y compositor Carlos Colorado y que goza del cari\u00f1o del p\u00fablico mexicano.<\/p>\n\n\n\n<p>Reuter P\u00e9rez dijo que se eligi\u00f3 esta agrupaci\u00f3n, para celebrar a las madres gomezpalatinas por contar con un repertorio amplio de \u00e9xitos, el cual ha permanecido vigente a lo largo de varias generaciones, convirti\u00e9ndose en temas cl\u00e1sicos que todo mundo disfruta y canta.<\/p>\n\n\n\n<p>Con este concierto se pretende que homenajear a las madres gomezpalatinas y para que puedan ser celebradas en familia, se eligi\u00f3 como fecha del evento el 9 de mayo.<\/p>\n\n\n\n<p>La funcionaria destac\u00f3 que la velaria es un recinto lo suficientemente amplio para que quienes lo deseen puedan incluso bailar los cl\u00e1sicos de la Sonora Santanera, entre los que destacan t\u00edtulos tan reconocidos como Mi Raz\u00f3n, Luces de Nueva York, Perfume de Gardenias, La Boa, El Mudo, entre otras.<\/p>\n\n\n\n<p>Finalmente, la titular de la direcci\u00f3n de Arte y Cultura del municipio, reitera la invitaci\u00f3n para todas las madres gomezpalatinas que deseen pasar una velada inolvidable, asistan este pr\u00f3ximo 09 de mayo, a las 19:00 horas, a la Velaria de la Expoferia de G\u00f3mez Palacio.<\/p>\n","protected":false},"excerpt":{"rendered":"<p>+El concierto ser\u00e1 gratuito El municipio de G\u00f3mez Palacio, celebrar\u00e1 a las Madres, este pr\u00f3ximo jueves 09 de mayo, con un gran concierto a cargo de la \u201cSonora Santanera\u201d acompa\u00f1ados de la cantante Mar\u00eda Fernanda, quienes interpretar\u00e1n su tradicional repertorio a las reinas del hogar. Melissa Reuter P\u00e9rez, titular de la Direcci\u00f3n de Arte y [&hellip;]<\/p>\n","protected":false},"author":1,"featured_media":4786,"comment_status":"open","ping_status":"open","sticky":false,"template":"","format":"standard","meta":{"_monsterinsights_skip_tracking":false,"_monsterinsights_sitenote_active":false,"_monsterinsights_sitenote_note":"","_monsterinsights_sitenote_category":0,"footnotes":""},"categories":[1],"tags":[],"_links":{"self":[{"href":"https:\/\/zonalimitrofe-cbnr.com\/index.php\/wp-json\/wp\/v2\/posts\/4785"}],"collection":[{"href":"https:\/\/zonalimitrofe-cbnr.com\/index.php\/wp-json\/wp\/v2\/posts"}],"about":[{"href":"https:\/\/zonalimitrofe-cbnr.com\/index.php\/wp-json\/wp\/v2\/types\/post"}],"author":[{"embeddable":true,"href":"https:\/\/zonalimitrofe-cbnr.com\/index.php\/wp-json\/wp\/v2\/users\/1"}],"replies":[{"embeddable":true,"href":"https:\/\/zonalimitrofe-cbnr.com\/index.php\/wp-json\/wp\/v2\/comments?post=4785"}],"version-history":[{"count":1,"href":"https:\/\/zonalimitrofe-cbnr.com\/index.php\/wp-json\/wp\/v2\/posts\/4785\/revisions"}],"predecessor-version":[{"id":4787,"href":"https:\/\/zonalimitrofe-cbnr.com\/index.php\/wp-json\/wp\/v2\/posts\/4785\/revisions\/4787"}],"wp:featuredmedia":[{"embeddable":true,"href":"https:\/\/zonalimitrofe-cbnr.com\/index.php\/wp-json\/wp\/v2\/media\/4786"}],"wp:attachment":[{"href":"https:\/\/zonalimitrofe-cbnr.com\/index.php\/wp-json\/wp\/v2\/media?parent=4785"}],"wp:term":[{"taxonomy":"category","embeddable":true,"href":"https:\/\/zonalimitrofe-cbnr.com\/index.php\/wp-json\/wp\/v2\/categories?post=4785"},{"taxonomy":"post_tag","embeddable":true,"href":"https:\/\/zonalimitrofe-cbnr.com\/index.php\/wp-json\/wp\/v2\/tags?post=4785"}],"curies":[{"name":"wp","href":"https:\/\/api.w.org\/{rel}","templated":true}]}}