{"id":4677,"date":"2024-05-01T16:43:22","date_gmt":"2024-05-01T22:43:22","guid":{"rendered":"https:\/\/zonalimitrofe-cbnr.com\/?p=4677"},"modified":"2024-05-01T16:43:22","modified_gmt":"2024-05-01T22:43:22","slug":"lerdo-conmemoracion-dia-del-trabajo","status":"publish","type":"post","link":"https:\/\/zonalimitrofe-cbnr.com\/index.php\/2024\/05\/01\/lerdo-conmemoracion-dia-del-trabajo\/","title":{"rendered":"#Lerdo. CONMEMORACI\u00d3N D\u00cdA DEL TRABAJO*"},"content":{"rendered":"\n<p>La direcci\u00f3n de Educaci\u00f3n en el municipio de Lerdo conmemor\u00f3 el 138 aniversario del D\u00eda del Trabajo, frente al asta monumental en la plaza principal de la ciudad, este mi\u00e9rcoles primero de mayo.<\/p>\n\n\n\n<p>Durante el acto c\u00edvico, se reconoci\u00f3 a quienes han dedicado sus esfuerzos para mejorar las condiciones laborales en la Rep\u00fablica Mexicana, as\u00ed mismo, se celebra los derechos laborales conquistados a lo largo de la historia que protegen a los trabajadores y buscan seguir luchando por condiciones de trabajo justas y equitativas para todos.<\/p>\n\n\n\n<p>Dando lectura a la rese\u00f1a, de acuerdo con la Comisi\u00f3n Nacional de los Derechos Humanos (CNDH), el 28 de agosto de 1931 se promulg\u00f3 en M\u00e9xico la primera Ley Federal del Trabajo. Para el a\u00f1o de 1916, la propuesta del presidente Venustiano Carranza en materia laboral apenas hablaba de la libertad de trabajo. Al final del a\u00f1o 1917, el Congreso Constituyente reconoci\u00f3 el derecho a huelga y a organizarse, mismo que qued\u00f3 establecido en el art\u00edculo 123 de la Constituci\u00f3n de 1917.<\/p>\n\n\n\n<p>Ante los conflictos colectivos en algunas ramas industriales de jurisdicci\u00f3n federal, se crea la Junta Federal de Conciliaci\u00f3n y Arbitraje el 17 de septiembre de 1927, por decreto del Ejecutivo Federal, Plutarco El\u00edas Calles.<\/p>\n\n\n\n<p>La Ley Federal del Trabajo de 1931 regul\u00f3 pr\u00e1cticamente todos los aspectos principales del derecho laboral: los individuales, colectivos, administrativos y procesales. A\u00f1os m\u00e1s tarde, el 1 de abril de 1970, se public\u00f3 una nueva Ley Federal del Trabajo en el Diario Oficial de la Federaci\u00f3n, sustituyendo la de 1931.<\/p>\n\n\n\n<p>Para concluir con el acto c\u00edvico, las autoridades colocaron una ofrenda floral frente al asta bandera e hicieron guardia de honor.<\/p>\n","protected":false},"excerpt":{"rendered":"<p>La direcci\u00f3n de Educaci\u00f3n en el municipio de Lerdo conmemor\u00f3 el 138 aniversario del D\u00eda del Trabajo, frente al asta monumental en la plaza principal de la ciudad, este mi\u00e9rcoles primero de mayo. Durante el acto c\u00edvico, se reconoci\u00f3 a quienes han dedicado sus esfuerzos para mejorar las condiciones laborales en la Rep\u00fablica Mexicana, as\u00ed [&hellip;]<\/p>\n","protected":false},"author":1,"featured_media":4678,"comment_status":"open","ping_status":"open","sticky":false,"template":"","format":"standard","meta":{"_monsterinsights_skip_tracking":false,"_monsterinsights_sitenote_active":false,"_monsterinsights_sitenote_note":"","_monsterinsights_sitenote_category":0,"footnotes":""},"categories":[1],"tags":[],"_links":{"self":[{"href":"https:\/\/zonalimitrofe-cbnr.com\/index.php\/wp-json\/wp\/v2\/posts\/4677"}],"collection":[{"href":"https:\/\/zonalimitrofe-cbnr.com\/index.php\/wp-json\/wp\/v2\/posts"}],"about":[{"href":"https:\/\/zonalimitrofe-cbnr.com\/index.php\/wp-json\/wp\/v2\/types\/post"}],"author":[{"embeddable":true,"href":"https:\/\/zonalimitrofe-cbnr.com\/index.php\/wp-json\/wp\/v2\/users\/1"}],"replies":[{"embeddable":true,"href":"https:\/\/zonalimitrofe-cbnr.com\/index.php\/wp-json\/wp\/v2\/comments?post=4677"}],"version-history":[{"count":1,"href":"https:\/\/zonalimitrofe-cbnr.com\/index.php\/wp-json\/wp\/v2\/posts\/4677\/revisions"}],"predecessor-version":[{"id":4679,"href":"https:\/\/zonalimitrofe-cbnr.com\/index.php\/wp-json\/wp\/v2\/posts\/4677\/revisions\/4679"}],"wp:featuredmedia":[{"embeddable":true,"href":"https:\/\/zonalimitrofe-cbnr.com\/index.php\/wp-json\/wp\/v2\/media\/4678"}],"wp:attachment":[{"href":"https:\/\/zonalimitrofe-cbnr.com\/index.php\/wp-json\/wp\/v2\/media?parent=4677"}],"wp:term":[{"taxonomy":"category","embeddable":true,"href":"https:\/\/zonalimitrofe-cbnr.com\/index.php\/wp-json\/wp\/v2\/categories?post=4677"},{"taxonomy":"post_tag","embeddable":true,"href":"https:\/\/zonalimitrofe-cbnr.com\/index.php\/wp-json\/wp\/v2\/tags?post=4677"}],"curies":[{"name":"wp","href":"https:\/\/api.w.org\/{rel}","templated":true}]}}