{"id":4583,"date":"2024-04-29T17:26:48","date_gmt":"2024-04-29T23:26:48","guid":{"rendered":"https:\/\/zonalimitrofe-cbnr.com\/?p=4583"},"modified":"2024-04-29T17:26:48","modified_gmt":"2024-04-29T23:26:48","slug":"uadec-convoca-uadec-a-la-certificacion-para-el-mantenimiento-e-instalacion-de-aires-acondicionados","status":"publish","type":"post","link":"https:\/\/zonalimitrofe-cbnr.com\/index.php\/2024\/04\/29\/uadec-convoca-uadec-a-la-certificacion-para-el-mantenimiento-e-instalacion-de-aires-acondicionados\/","title":{"rendered":"#UAdeC. Convoca UAdeC a la Certificaci\u00f3n para el Mantenimiento e Instalaci\u00f3n de Aires Acondicionados"},"content":{"rendered":"\n<p>SALTILLO, Coahuila. 29 de abril de 2024. La Universidad Aut\u00f3noma de Coahuila, a trav\u00e9s de la Centro de Transferencia del Conocimiento (CONOCER), invita a universitarios y p\u00fablico en general a inscribirse al curso de Certificaci\u00f3n en el Est\u00e1ndar EC1390 Prestaci\u00f3n de Servicios de Instalaci\u00f3n y Mantenimiento de Sistemas de Climatizaci\u00f3n\/Aire Acondicionado de hasta tres toneladas.<\/p>\n\n\n\n<p>El subdirector de CONOCER Saltillo, Josu\u00e9 Rodr\u00edguez Delgado, inform\u00f3 que el curso ser\u00e1 del 27 al 31 de mayo de 9:00 a 14:00 horas en las instalaciones de la Facultad de Ingenier\u00eda, Campus Arteaga en donde se habr\u00e1n de ofrecer 20 horas programadas para las competencias de este curso.<\/p>\n\n\n\n<p>Dijo que para la evaluaci\u00f3n de este taller se siguen los par\u00e1metros que marca el est\u00e1ndar y qui\u00e9n los cumpla obtiene su certificado para emprender un servicio o para alguna promoci\u00f3n laboral; en esta segunda generaci\u00f3n de Certificaci\u00f3n y gracias a la gesti\u00f3n del rector Octavio Pimentel Mart\u00ednez, se ofrece un 40 por ciento de descuento a las primeras 20 personas que se inscriban, sobre la cuota que es de $3,500 pesos.<\/p>\n\n\n\n<p>Debido a las ondas de calor que afectan desde el a\u00f1o pasado a la ciudad, y al ser insuficiente personal que instalara o brindara mantenimiento a los equipos de climatizaci\u00f3n o aires acondicionados, en el Centro se encontr\u00f3 \u00f3ptima esta opci\u00f3n de capacitaci\u00f3n para cualquier persona interesada, no importa grado escolar, sexo indistinto o profesi\u00f3n.<\/p>\n\n\n\n<p>\u201cEs una oportunidad de negocio, porque la necesidad en el mercado existe y nosotros como Universidad comprometida con la sociedad ofrecemos esta opci\u00f3n de capacitaci\u00f3n laboral, de instalaci\u00f3n de climas y de mantenimientos, con certificaci\u00f3n y documento oficial con validez de la Secretar\u00eda de Educaci\u00f3n P\u00fablica\u201d, afirm\u00f3 el subdirector de CONOCER.<\/p>\n\n\n\n<p>Rodr\u00edguez Delgado, agreg\u00f3 que las clases se impartir\u00e1n en el Taller de M\u00e1quinas de la Facultad de Ingenier\u00eda por Omar Jim\u00e9nez, quien es un evaluador en competencias y profesor de ingenier\u00eda en la Universidad, que contar\u00e1 con el equipamiento, paneles y dem\u00e1s insumos para capacitar a quienes integren la segunda generaci\u00f3n de esta certificaci\u00f3n.<\/p>\n\n\n\n<p>Para inscripciones o m\u00e1s informaci\u00f3n escribir o llamar al celular\/WhatsApp del ingeniero Josu\u00e9 Rodr\u00edguez Delgado al 844 210 69 62.<\/p>\n","protected":false},"excerpt":{"rendered":"<p>SALTILLO, Coahuila. 29 de abril de 2024. La Universidad Aut\u00f3noma de Coahuila, a trav\u00e9s de la Centro de Transferencia del Conocimiento (CONOCER), invita a universitarios y p\u00fablico en general a inscribirse al curso de Certificaci\u00f3n en el Est\u00e1ndar EC1390 Prestaci\u00f3n de Servicios de Instalaci\u00f3n y Mantenimiento de Sistemas de Climatizaci\u00f3n\/Aire Acondicionado de hasta tres toneladas. [&hellip;]<\/p>\n","protected":false},"author":1,"featured_media":4584,"comment_status":"open","ping_status":"open","sticky":false,"template":"","format":"standard","meta":{"_monsterinsights_skip_tracking":false,"_monsterinsights_sitenote_active":false,"_monsterinsights_sitenote_note":"","_monsterinsights_sitenote_category":0,"footnotes":""},"categories":[1],"tags":[],"_links":{"self":[{"href":"https:\/\/zonalimitrofe-cbnr.com\/index.php\/wp-json\/wp\/v2\/posts\/4583"}],"collection":[{"href":"https:\/\/zonalimitrofe-cbnr.com\/index.php\/wp-json\/wp\/v2\/posts"}],"about":[{"href":"https:\/\/zonalimitrofe-cbnr.com\/index.php\/wp-json\/wp\/v2\/types\/post"}],"author":[{"embeddable":true,"href":"https:\/\/zonalimitrofe-cbnr.com\/index.php\/wp-json\/wp\/v2\/users\/1"}],"replies":[{"embeddable":true,"href":"https:\/\/zonalimitrofe-cbnr.com\/index.php\/wp-json\/wp\/v2\/comments?post=4583"}],"version-history":[{"count":1,"href":"https:\/\/zonalimitrofe-cbnr.com\/index.php\/wp-json\/wp\/v2\/posts\/4583\/revisions"}],"predecessor-version":[{"id":4585,"href":"https:\/\/zonalimitrofe-cbnr.com\/index.php\/wp-json\/wp\/v2\/posts\/4583\/revisions\/4585"}],"wp:featuredmedia":[{"embeddable":true,"href":"https:\/\/zonalimitrofe-cbnr.com\/index.php\/wp-json\/wp\/v2\/media\/4584"}],"wp:attachment":[{"href":"https:\/\/zonalimitrofe-cbnr.com\/index.php\/wp-json\/wp\/v2\/media?parent=4583"}],"wp:term":[{"taxonomy":"category","embeddable":true,"href":"https:\/\/zonalimitrofe-cbnr.com\/index.php\/wp-json\/wp\/v2\/categories?post=4583"},{"taxonomy":"post_tag","embeddable":true,"href":"https:\/\/zonalimitrofe-cbnr.com\/index.php\/wp-json\/wp\/v2\/tags?post=4583"}],"curies":[{"name":"wp","href":"https:\/\/api.w.org\/{rel}","templated":true}]}}