{"id":4371,"date":"2024-04-22T21:18:29","date_gmt":"2024-04-23T03:18:29","guid":{"rendered":"https:\/\/zonalimitrofe-cbnr.com\/?p=4371"},"modified":"2024-04-22T21:18:30","modified_gmt":"2024-04-23T03:18:30","slug":"campana2024-a-seguir-por-este-camino-de-crecimiento-vamos-a-poner-a-torreon-en-el-siguiente-nivel","status":"publish","type":"post","link":"https:\/\/zonalimitrofe-cbnr.com\/index.php\/2024\/04\/22\/campana2024-a-seguir-por-este-camino-de-crecimiento-vamos-a-poner-a-torreon-en-el-siguiente-nivel\/","title":{"rendered":"#Campa\u00f1a2024. &#8220;A seguir por este camino de crecimiento, vamos a poner a Torre\u00f3n en el siguiente nivel\u201d."},"content":{"rendered":"\n<p>Con el impulso de haber obtenido la victoria en el debate electoral del domingo pasado, el candidato de la Alianza Ciudadana por la Seguridad (PRI-PRD-UDC) a la alcald\u00eda de Torre\u00f3n, Rom\u00e1n Cepeda, encabez\u00f3 este lunes un nuevo acto masivo de campa\u00f1a en la colonia La Aviaci\u00f3n.<\/p>\n\n\n\n<p>Acompa\u00f1ado del candidato al Senado de la Rep\u00fablica, Miguel \u00c1ngel Riquelme, adem\u00e1s de liderazgos del Revolucionario Institucional, Cepeda reafirm\u00f3 su compromiso de seguir por la ruta del crecimiento, de la mejora en los servicios p\u00fablicos y de la paz ciudadana, respaldado por un proyecto pol\u00edtico que privilegia a toda la ciudadan\u00eda.<\/p>\n\n\n\n<p>\u201cEstamos muy seguros que todos vamos por la misma ruta, sentimos todos los d\u00edas esa confianza de las ciudadanas y ciudadanos de Torre\u00f3n, queremos seguir apostando por la seguridad y las inversiones, por seguir arreglando las calles, perforando nuevas fuentes de abastecimiento de agua, mejorando el drenaje, pero para eso los necesitamos a ustedes, a las familias de Torre\u00f3n\u201d.<\/p>\n","protected":false},"excerpt":{"rendered":"<p>Con el impulso de haber obtenido la victoria en el debate electoral del domingo pasado, el candidato de la Alianza Ciudadana por la Seguridad (PRI-PRD-UDC) a la alcald\u00eda de Torre\u00f3n, Rom\u00e1n Cepeda, encabez\u00f3 este lunes un nuevo acto masivo de campa\u00f1a en la colonia La Aviaci\u00f3n. Acompa\u00f1ado del candidato al Senado de la Rep\u00fablica, Miguel [&hellip;]<\/p>\n","protected":false},"author":1,"featured_media":4372,"comment_status":"open","ping_status":"open","sticky":false,"template":"","format":"standard","meta":{"_monsterinsights_skip_tracking":false,"_monsterinsights_sitenote_active":false,"_monsterinsights_sitenote_note":"","_monsterinsights_sitenote_category":0,"footnotes":""},"categories":[1],"tags":[],"_links":{"self":[{"href":"https:\/\/zonalimitrofe-cbnr.com\/index.php\/wp-json\/wp\/v2\/posts\/4371"}],"collection":[{"href":"https:\/\/zonalimitrofe-cbnr.com\/index.php\/wp-json\/wp\/v2\/posts"}],"about":[{"href":"https:\/\/zonalimitrofe-cbnr.com\/index.php\/wp-json\/wp\/v2\/types\/post"}],"author":[{"embeddable":true,"href":"https:\/\/zonalimitrofe-cbnr.com\/index.php\/wp-json\/wp\/v2\/users\/1"}],"replies":[{"embeddable":true,"href":"https:\/\/zonalimitrofe-cbnr.com\/index.php\/wp-json\/wp\/v2\/comments?post=4371"}],"version-history":[{"count":1,"href":"https:\/\/zonalimitrofe-cbnr.com\/index.php\/wp-json\/wp\/v2\/posts\/4371\/revisions"}],"predecessor-version":[{"id":4373,"href":"https:\/\/zonalimitrofe-cbnr.com\/index.php\/wp-json\/wp\/v2\/posts\/4371\/revisions\/4373"}],"wp:featuredmedia":[{"embeddable":true,"href":"https:\/\/zonalimitrofe-cbnr.com\/index.php\/wp-json\/wp\/v2\/media\/4372"}],"wp:attachment":[{"href":"https:\/\/zonalimitrofe-cbnr.com\/index.php\/wp-json\/wp\/v2\/media?parent=4371"}],"wp:term":[{"taxonomy":"category","embeddable":true,"href":"https:\/\/zonalimitrofe-cbnr.com\/index.php\/wp-json\/wp\/v2\/categories?post=4371"},{"taxonomy":"post_tag","embeddable":true,"href":"https:\/\/zonalimitrofe-cbnr.com\/index.php\/wp-json\/wp\/v2\/tags?post=4371"}],"curies":[{"name":"wp","href":"https:\/\/api.w.org\/{rel}","templated":true}]}}