{"id":4297,"date":"2024-04-20T19:00:44","date_gmt":"2024-04-21T01:00:44","guid":{"rendered":"https:\/\/zonalimitrofe-cbnr.com\/?p=4297"},"modified":"2024-04-20T19:00:44","modified_gmt":"2024-04-21T01:00:44","slug":"torreon-celebraran-el-dia-internacional-de-la-tierra-con-jornada-de-reforestacion","status":"publish","type":"post","link":"https:\/\/zonalimitrofe-cbnr.com\/index.php\/2024\/04\/20\/torreon-celebraran-el-dia-internacional-de-la-tierra-con-jornada-de-reforestacion\/","title":{"rendered":"#Torre\u00f3n. Celebrar\u00e1n el &#8220;D\u00eda internacional de la tierra&#8221; con jornada de reforestaci\u00f3n"},"content":{"rendered":"\n<p>Torre\u00f3n, Coahuila. A 20 de abril de 2024.<\/p>\n\n\n\n<p>Como parte de las actividades de celebraci\u00f3n por el &#8220;D\u00eda internacional de la tierra&#8221;, la Direcci\u00f3n General de Medio Ambiente (DGMA) llevar\u00e1 a cabo una jornada de reforestaci\u00f3n el pr\u00f3ximo lunes 22 de abril, en el parque &#8220;Las Arboledas&#8221;.<\/p>\n\n\n\n<p>Tom\u00e1s Juan Manuel L\u00f3pez Vel\u00e1zquez, titular de la Direcci\u00f3n de Programas y Educaci\u00f3n Ambiental de la dependencia, dio a conocer que la actividad dar\u00e1 inicio a las 08:30 y concluir\u00e1 a las 11:00 horas, en la colonia Las Arboledas.<\/p>\n\n\n\n<p>Mencion\u00f3 que el objetivo es sumar a los ciudadanos con esta acci\u00f3n para contribuir al cuidado del medio ambiente y a la preservaci\u00f3n de las \u00e1reas verdes.<\/p>\n\n\n\n<p>Dijo que las especies a plantar son las adecuadas para el clima de la regi\u00f3n y provienen del Vivero Municipal.<\/p>\n\n\n\n<p>El funcionario recomend\u00f3 a los asistentes llevar sombrero o gorra, termo con agua, vestir con manga larga y colocarse bloqueador solar, para garantizar una experiencia c\u00f3moda y segura.<\/p>\n\n\n\n<p>Las actividades planificadas incluyen limpieza del \u00e1rea, reforestaci\u00f3n de espacios verdes y la instalaci\u00f3n de un huerto comunitario, fomentando as\u00ed la participaci\u00f3n de los vecinos en la construcci\u00f3n de un entorno m\u00e1s sostenible en su comunidad.<\/p>\n\n\n\n<p>L\u00f3pez Vel\u00e1zquez indic\u00f3 que la importancia de estas acciones va m\u00e1s all\u00e1 de la est\u00e9tica del paisaje, pues tambi\u00e9n se contribuye a la generaci\u00f3n de polinizadores, la mejora de la calidad del aire, entre otros beneficios ambientales.<\/p>\n\n\n\n<p>Por \u00faltimo invit\u00f3 a la ciudadan\u00eda a sumarse a este evento, que se realizar\u00e1 en el parque ubicado en la colonia Las Arboledas, acudiendo con las consideraciones antes mencionadas.<\/p>\n","protected":false},"excerpt":{"rendered":"<p>Torre\u00f3n, Coahuila. A 20 de abril de 2024. Como parte de las actividades de celebraci\u00f3n por el &#8220;D\u00eda internacional de la tierra&#8221;, la Direcci\u00f3n General de Medio Ambiente (DGMA) llevar\u00e1 a cabo una jornada de reforestaci\u00f3n el pr\u00f3ximo lunes 22 de abril, en el parque &#8220;Las Arboledas&#8221;. Tom\u00e1s Juan Manuel L\u00f3pez Vel\u00e1zquez, titular de la [&hellip;]<\/p>\n","protected":false},"author":1,"featured_media":4298,"comment_status":"open","ping_status":"open","sticky":false,"template":"","format":"standard","meta":{"_monsterinsights_skip_tracking":false,"_monsterinsights_sitenote_active":false,"_monsterinsights_sitenote_note":"","_monsterinsights_sitenote_category":0,"footnotes":""},"categories":[1],"tags":[],"_links":{"self":[{"href":"https:\/\/zonalimitrofe-cbnr.com\/index.php\/wp-json\/wp\/v2\/posts\/4297"}],"collection":[{"href":"https:\/\/zonalimitrofe-cbnr.com\/index.php\/wp-json\/wp\/v2\/posts"}],"about":[{"href":"https:\/\/zonalimitrofe-cbnr.com\/index.php\/wp-json\/wp\/v2\/types\/post"}],"author":[{"embeddable":true,"href":"https:\/\/zonalimitrofe-cbnr.com\/index.php\/wp-json\/wp\/v2\/users\/1"}],"replies":[{"embeddable":true,"href":"https:\/\/zonalimitrofe-cbnr.com\/index.php\/wp-json\/wp\/v2\/comments?post=4297"}],"version-history":[{"count":1,"href":"https:\/\/zonalimitrofe-cbnr.com\/index.php\/wp-json\/wp\/v2\/posts\/4297\/revisions"}],"predecessor-version":[{"id":4299,"href":"https:\/\/zonalimitrofe-cbnr.com\/index.php\/wp-json\/wp\/v2\/posts\/4297\/revisions\/4299"}],"wp:featuredmedia":[{"embeddable":true,"href":"https:\/\/zonalimitrofe-cbnr.com\/index.php\/wp-json\/wp\/v2\/media\/4298"}],"wp:attachment":[{"href":"https:\/\/zonalimitrofe-cbnr.com\/index.php\/wp-json\/wp\/v2\/media?parent=4297"}],"wp:term":[{"taxonomy":"category","embeddable":true,"href":"https:\/\/zonalimitrofe-cbnr.com\/index.php\/wp-json\/wp\/v2\/categories?post=4297"},{"taxonomy":"post_tag","embeddable":true,"href":"https:\/\/zonalimitrofe-cbnr.com\/index.php\/wp-json\/wp\/v2\/tags?post=4297"}],"curies":[{"name":"wp","href":"https:\/\/api.w.org\/{rel}","templated":true}]}}