{"id":4199,"date":"2024-04-18T17:02:57","date_gmt":"2024-04-18T23:02:57","guid":{"rendered":"https:\/\/zonalimitrofe-cbnr.com\/?p=4199"},"modified":"2024-04-18T17:02:57","modified_gmt":"2024-04-18T23:02:57","slug":"uadec-rector-toma-protesta-como-consejero-de-la-junta-de-gobierno-del-instituto-municipal-de-planeacion-de-saltillo-implan","status":"publish","type":"post","link":"https:\/\/zonalimitrofe-cbnr.com\/index.php\/2024\/04\/18\/uadec-rector-toma-protesta-como-consejero-de-la-junta-de-gobierno-del-instituto-municipal-de-planeacion-de-saltillo-implan\/","title":{"rendered":"#UAdeC. Rector  Toma Protesta como Consejero de la Junta de Gobierno del Instituto Municipal de Planeaci\u00f3n de Saltillo (IMPLAN)"},"content":{"rendered":"\n<p>SALTILLO, Coahuila. 18 de abril de 2024. El rector de la Universidad Aut\u00f3noma de Coahuila, Octavio Pimentel Mart\u00ednez, tom\u00f3 protesta como consejero de la Junta de Gobierno del Instituto Municipal de Planeaci\u00f3n de Saltillo (IMPLAN), esto durante la Segunda Sesi\u00f3n Ordinaria.<\/p>\n\n\n\n<p>El IMPLAN Saltillo es una instituci\u00f3n p\u00fablica responsable de planeaci\u00f3n del desarrollo sustentable del municipio, a trav\u00e9s de la participaci\u00f3n ciudadana y la de sus funcionarios en una cultura urbana responsable, como un instrumento de la estructura municipal que contribuye y ampl\u00eda la capacidad de gesti\u00f3n operativa, financiera y urbana en los diferentes actores p\u00fablicos y privados del Saltillo.<\/p>\n\n\n\n<p>Los consejeros que integran dicha Junta de Gobierno son funcionarios municipales, miembros del Ayuntamiento, representantes del Gobierno del Estado, as\u00ed como, ciudadanos provenientes de organismos empresariales, organizaciones, colegios de profesionistas e instituciones de educaci\u00f3n universitaria.<\/p>\n\n\n\n<p>La sesi\u00f3n se llev\u00f3 a cabo en la Sala del Cabildo y fue presidida por el alcalde de Saltillo, Jos\u00e9 Mar\u00eda Fraustro Siller, el secretario, Carlos Alberto Estrada, el encargado del despacho de Tesorer\u00eda, Mario L\u00f3pez, el director del IMPLAN, Ricardo \u00c1lvarez y la s\u00edndica, Mayela Hern\u00e1ndez.<\/p>\n\n\n\n<p>Durante la Sesi\u00f3n se present\u00f3 la Cuenta P\u00fablica 2023, as\u00ed como, el Informe de Actividades y Avance de Gesti\u00f3n Financiera del Primer Trimestre 2024 y el informe del Comisario de la Junta de Gobierno del Instituto respecto a la cuenta p\u00fablica 2023.<\/p>\n\n\n\n<p>Adem\u00e1s, se present\u00f3 el informe del \u00d3rgano Interno de Control del Primer Trimestre 2024 y la transferencia de bienes muebles entre el municipio de Saltillo y el Instituto Municipal de Planeaci\u00f3n y la adici\u00f3n presupuestal de recursos producto de una sentencia definitiva emitida a favor del Instituto.<\/p>\n","protected":false},"excerpt":{"rendered":"<p>SALTILLO, Coahuila. 18 de abril de 2024. El rector de la Universidad Aut\u00f3noma de Coahuila, Octavio Pimentel Mart\u00ednez, tom\u00f3 protesta como consejero de la Junta de Gobierno del Instituto Municipal de Planeaci\u00f3n de Saltillo (IMPLAN), esto durante la Segunda Sesi\u00f3n Ordinaria. El IMPLAN Saltillo es una instituci\u00f3n p\u00fablica responsable de planeaci\u00f3n del desarrollo sustentable del [&hellip;]<\/p>\n","protected":false},"author":1,"featured_media":4200,"comment_status":"open","ping_status":"open","sticky":false,"template":"","format":"standard","meta":{"_monsterinsights_skip_tracking":false,"_monsterinsights_sitenote_active":false,"_monsterinsights_sitenote_note":"","_monsterinsights_sitenote_category":0,"footnotes":""},"categories":[1],"tags":[],"_links":{"self":[{"href":"https:\/\/zonalimitrofe-cbnr.com\/index.php\/wp-json\/wp\/v2\/posts\/4199"}],"collection":[{"href":"https:\/\/zonalimitrofe-cbnr.com\/index.php\/wp-json\/wp\/v2\/posts"}],"about":[{"href":"https:\/\/zonalimitrofe-cbnr.com\/index.php\/wp-json\/wp\/v2\/types\/post"}],"author":[{"embeddable":true,"href":"https:\/\/zonalimitrofe-cbnr.com\/index.php\/wp-json\/wp\/v2\/users\/1"}],"replies":[{"embeddable":true,"href":"https:\/\/zonalimitrofe-cbnr.com\/index.php\/wp-json\/wp\/v2\/comments?post=4199"}],"version-history":[{"count":1,"href":"https:\/\/zonalimitrofe-cbnr.com\/index.php\/wp-json\/wp\/v2\/posts\/4199\/revisions"}],"predecessor-version":[{"id":4201,"href":"https:\/\/zonalimitrofe-cbnr.com\/index.php\/wp-json\/wp\/v2\/posts\/4199\/revisions\/4201"}],"wp:featuredmedia":[{"embeddable":true,"href":"https:\/\/zonalimitrofe-cbnr.com\/index.php\/wp-json\/wp\/v2\/media\/4200"}],"wp:attachment":[{"href":"https:\/\/zonalimitrofe-cbnr.com\/index.php\/wp-json\/wp\/v2\/media?parent=4199"}],"wp:term":[{"taxonomy":"category","embeddable":true,"href":"https:\/\/zonalimitrofe-cbnr.com\/index.php\/wp-json\/wp\/v2\/categories?post=4199"},{"taxonomy":"post_tag","embeddable":true,"href":"https:\/\/zonalimitrofe-cbnr.com\/index.php\/wp-json\/wp\/v2\/tags?post=4199"}],"curies":[{"name":"wp","href":"https:\/\/api.w.org\/{rel}","templated":true}]}}