{"id":4005,"date":"2024-04-12T13:03:38","date_gmt":"2024-04-12T19:03:38","guid":{"rendered":"https:\/\/zonalimitrofe-cbnr.com\/?p=4005"},"modified":"2024-04-12T13:03:39","modified_gmt":"2024-04-12T19:03:39","slug":"campana2024-brenda-calderon-se-presenta-ante-los-habitantes-de-la-colonia-solidaridad","status":"publish","type":"post","link":"https:\/\/zonalimitrofe-cbnr.com\/index.php\/2024\/04\/12\/campana2024-brenda-calderon-se-presenta-ante-los-habitantes-de-la-colonia-solidaridad\/","title":{"rendered":"#Campa\u00f1a2024. BRENDA CALDERON SE PRESENTA ANTE LOS HABITANTES DE LA COLONIA SOLIDARIDAD"},"content":{"rendered":"\n<p>GOMEZ PALACIO, DURANGO, a 12 de abril de 2024.- &#8221; Soy Brenda Calder\u00f3n, candidata del<br>PAN, PRI PRD a diputada local por el Distrito 1 en G\u00f3mez Palacio, antes de emprender este proyecto, logr\u00e9 una bonita trayectoria en la funci\u00f3n p\u00fablica a trav\u00e9s del DIF municipal, donde tuve la oportunidad de ayudar a mucha gente, conocer su sentir y las necesidades de Gomez Palacio, las cuales en equipo fuimos resolviendo y ahora en esta nueva etapa de mi vida, me siento motivada para seguir trabajando por todos los grupos vulnerables, los adultos mayores, madres solteras, ni\u00f1os, ni\u00f1as y adolescentes, los j\u00f3venes y por los discapacitados&#8221;.<\/p>\n\n\n\n<p>As\u00ed se present\u00f3 Brenda Calder\u00f3n Carrete, candidata a Diputada Local por el Distrito XI por la coalici\u00f3n Fuerza y Coraz\u00f3n por M\u00e9xico, ante los vecinos de las 12 colonias que engloban el Distrito I, y que se concentraron en una de las \u00e1reas verdes de la colonia Solidaridad para escucharla y conocer sus principales propuestas.<\/p>\n\n\n\n<p>Cabe mencionar que la candidata antes, camino junto con su equipo, por calles de este sector y estrech\u00f3 la mano de los habitantes de colonias como La Leticia Herrera, Centenario, Cereso, Octaviano Rend\u00f3n, Solidaridad, entre otras.<\/p>\n\n\n\n<p>En esta ocasi\u00f3n estuvo acompa\u00f1ada por Cristian Mijares, candidato a diputado federal por el Distrito 02 de la alianza Fuerza y Coraz\u00f3n por M\u00e9xico, quien respaldo a Brenda Calder\u00f3n y donde refrend\u00f3 su compromiso para de llegar al Congreso de la Uni\u00f3n, gestionar recursos a fin de que G\u00f3mez Palacio est\u00e9 cada vez mejor, m\u00e1s cuando \u00e9ste municipio tiene como presidenta municipal a Leticia Herrera, una mujer caval y comprometida con su gente y a un mandatario de la talla de Esteban Villegas., que como gobernador ha logrado mucho para Durango.<\/p>\n\n\n\n<p>Cristian Mijares en todo momento levant\u00f3 las manos de la candidata Brenda \u201ccampeona ya\u201d como se\u00f1al de su pr\u00f3ximo riunfo.<\/p>\n\n\n\n<p>Brenda en su mensaje, dijo a la audiencia presente que seguir\u00e1 en la misma l\u00ednea de la alcaldesa, la se\u00f1ora Leticia Herrera y del gobernador Esteban Villegas.<\/p>\n\n\n\n<p>&#8220;En esa misma l\u00ednea de que G\u00f3mez Palacio siga brillando y en ascenso, , que sigan llegando las inversiones extranjeras para crear mejores empleos, para mejores oportunidades y sobre todo, para que la gente tenga esa oportunidad de cambio&#8221;, puntualiz\u00f3.<\/p>\n","protected":false},"excerpt":{"rendered":"<p>GOMEZ PALACIO, DURANGO, a 12 de abril de 2024.- &#8221; Soy Brenda Calder\u00f3n, candidata delPAN, PRI PRD a diputada local por el Distrito 1 en G\u00f3mez Palacio, antes de emprender este proyecto, logr\u00e9 una bonita trayectoria en la funci\u00f3n p\u00fablica a trav\u00e9s del DIF municipal, donde tuve la oportunidad de ayudar a mucha gente, conocer [&hellip;]<\/p>\n","protected":false},"author":1,"featured_media":4006,"comment_status":"open","ping_status":"open","sticky":false,"template":"","format":"standard","meta":{"_monsterinsights_skip_tracking":false,"_monsterinsights_sitenote_active":false,"_monsterinsights_sitenote_note":"","_monsterinsights_sitenote_category":0,"footnotes":""},"categories":[1],"tags":[],"_links":{"self":[{"href":"https:\/\/zonalimitrofe-cbnr.com\/index.php\/wp-json\/wp\/v2\/posts\/4005"}],"collection":[{"href":"https:\/\/zonalimitrofe-cbnr.com\/index.php\/wp-json\/wp\/v2\/posts"}],"about":[{"href":"https:\/\/zonalimitrofe-cbnr.com\/index.php\/wp-json\/wp\/v2\/types\/post"}],"author":[{"embeddable":true,"href":"https:\/\/zonalimitrofe-cbnr.com\/index.php\/wp-json\/wp\/v2\/users\/1"}],"replies":[{"embeddable":true,"href":"https:\/\/zonalimitrofe-cbnr.com\/index.php\/wp-json\/wp\/v2\/comments?post=4005"}],"version-history":[{"count":1,"href":"https:\/\/zonalimitrofe-cbnr.com\/index.php\/wp-json\/wp\/v2\/posts\/4005\/revisions"}],"predecessor-version":[{"id":4007,"href":"https:\/\/zonalimitrofe-cbnr.com\/index.php\/wp-json\/wp\/v2\/posts\/4005\/revisions\/4007"}],"wp:featuredmedia":[{"embeddable":true,"href":"https:\/\/zonalimitrofe-cbnr.com\/index.php\/wp-json\/wp\/v2\/media\/4006"}],"wp:attachment":[{"href":"https:\/\/zonalimitrofe-cbnr.com\/index.php\/wp-json\/wp\/v2\/media?parent=4005"}],"wp:term":[{"taxonomy":"category","embeddable":true,"href":"https:\/\/zonalimitrofe-cbnr.com\/index.php\/wp-json\/wp\/v2\/categories?post=4005"},{"taxonomy":"post_tag","embeddable":true,"href":"https:\/\/zonalimitrofe-cbnr.com\/index.php\/wp-json\/wp\/v2\/tags?post=4005"}],"curies":[{"name":"wp","href":"https:\/\/api.w.org\/{rel}","templated":true}]}}