{"id":3843,"date":"2024-04-09T15:14:13","date_gmt":"2024-04-09T21:14:13","guid":{"rendered":"https:\/\/zonalimitrofe-cbnr.com\/?p=3843"},"modified":"2024-04-09T15:14:13","modified_gmt":"2024-04-09T21:14:13","slug":"durango-crecimiento-industrial-de-durango-del-5-2-es-porque-somos-chingones-los-duranguenses-tenemos-mucho-talento-hay-que-creernosla-gobernador-esteban","status":"publish","type":"post","link":"https:\/\/zonalimitrofe-cbnr.com\/index.php\/2024\/04\/09\/durango-crecimiento-industrial-de-durango-del-5-2-es-porque-somos-chingones-los-duranguenses-tenemos-mucho-talento-hay-que-creernosla-gobernador-esteban\/","title":{"rendered":"#Durango. \u201cCrecimiento industrial de Durango del 5.2% es porque somos chingones los duranguenses, tenemos mucho talento, hay que cre\u00e9rnosla\u201d: Gobernador Esteban"},"content":{"rendered":"\n<p>De acuerdo a datos del Instituto Nacional de Estad\u00edstica y Geograf\u00eda (INEGI), Durango registra un crecimiento anual en el 2023 del 5.2 por ciento y ocupa el s\u00e9ptimo lugar a nivel nacional, tomando en cuenta que el pa\u00eds, en promedio creci\u00f3 un 0%.<\/p>\n\n\n\n<p>Adem\u00e1s anuncia el Gobernador nueva gira a China en b\u00fasqueda de m\u00e1s inversiones para Durango.<\/p>\n\n\n\n<p>\u201cDurango tuvo un crecimiento anual del 5.2%, jam\u00e1s en la historia hab\u00edamos aparecido ni siquiera en el mapa, no aparec\u00edamos ni en el clima y hoy ya empezamos aparecer en los mapas del crecimiento industrial, somos s\u00e9ptimo lugar a nivel nacional y todav\u00eda falta sumarle lo que lograremos en 2024\u201d, apunt\u00f3.<\/p>\n\n\n\n<p>\u2022 Vamos a tener alrededor de 32 mil millones de pesos de inversi\u00f3n con 22 mil empleos directos esa es mi meta; \u201cs\u00ed se puede, claro que se puede y lo voy a demostrar\u201d.<\/p>\n\n\n\n<p>\u2022 Hoy Durango est\u00e1 dentro de los 10 estados que muestran cifras positivas en la manufactura y en la construcci\u00f3n; creci\u00f3 un 34 % en 2023, contra un 14 % del promedio nacional y eso que a\u00fan no empiezan las construcciones grandes como las de empresas Solarever, SEV, Drotium y otras que van a traer mucha inversi\u00f3n privada en el tema de la construcci\u00f3n.<\/p>\n\n\n\n<p>\u2022 \u201cVamos creciendo, son datos nacionales, vamos bien a pesar de nuestra complejidad de c\u00f3mo encontramos el estado, pero lo \u00fanico que necesit\u00e1bamos era ponernos a jalar, las ventanas ah\u00ed est\u00e1n, las oportunidades existen\u201d.<\/p>\n\n\n\n<p>\u2022 Relat\u00f3 que el embajador de Reino Unido le cuestion\u00f3 la raz\u00f3n por las cuales est\u00e1n sucediendo estas cosas, a lo que el Mandatario le respondi\u00f3 que por una sencilla raz\u00f3n: \u201cen otros lugares no tienen duranguenses, esa es la gran diferencia\u201d.<\/p>\n\n\n\n<p>\u2022 \u201cSomos unos chingones, nada m\u00e1s necesitamos cre\u00e9rnosla\u201d, el Gobierno tiene que ser un facilitador para que esos grandes cerebros, esos grandes talentos puedan estar donde tienen que estar; hay mucho talento en Durango, m\u00e1s de los que todos creen.<\/p>\n\n\n\n<p>\u2022 Adelant\u00f3 que para finales del mes de abril, realizar\u00e1 otra gira de trabajo por el pa\u00eds asi\u00e1tico, ya que fue invitado a una feria automotriz; \u201cva a ir Manolo Jim\u00e9nez, gobernador de Coahuila, vamos a estar en un foro los dos y ah\u00ed vamos a poder tratar el tema de la Comarca Lagunera como una sola, y buscaremos llevar algo grande, adem\u00e1s de los temas propios de Durango para traer buenas noticias\u201d.<\/p>\n\n\n\n<p>\u2022 Para finalizar, dio a conocer que esta semana llegan tambi\u00e9n los espa\u00f1oles de la empresa Drotium para concretar cosas pendientes y sumarlas a lo que se logre en China; este 2024, ser\u00e1 un a\u00f1o hist\u00f3rico para Durango, afianz\u00f3.<\/p>\n","protected":false},"excerpt":{"rendered":"<p>De acuerdo a datos del Instituto Nacional de Estad\u00edstica y Geograf\u00eda (INEGI), Durango registra un crecimiento anual en el 2023 del 5.2 por ciento y ocupa el s\u00e9ptimo lugar a nivel nacional, tomando en cuenta que el pa\u00eds, en promedio creci\u00f3 un 0%. Adem\u00e1s anuncia el Gobernador nueva gira a China en b\u00fasqueda de m\u00e1s [&hellip;]<\/p>\n","protected":false},"author":1,"featured_media":3844,"comment_status":"open","ping_status":"open","sticky":false,"template":"","format":"standard","meta":{"_monsterinsights_skip_tracking":false,"_monsterinsights_sitenote_active":false,"_monsterinsights_sitenote_note":"","_monsterinsights_sitenote_category":0,"footnotes":""},"categories":[1],"tags":[],"_links":{"self":[{"href":"https:\/\/zonalimitrofe-cbnr.com\/index.php\/wp-json\/wp\/v2\/posts\/3843"}],"collection":[{"href":"https:\/\/zonalimitrofe-cbnr.com\/index.php\/wp-json\/wp\/v2\/posts"}],"about":[{"href":"https:\/\/zonalimitrofe-cbnr.com\/index.php\/wp-json\/wp\/v2\/types\/post"}],"author":[{"embeddable":true,"href":"https:\/\/zonalimitrofe-cbnr.com\/index.php\/wp-json\/wp\/v2\/users\/1"}],"replies":[{"embeddable":true,"href":"https:\/\/zonalimitrofe-cbnr.com\/index.php\/wp-json\/wp\/v2\/comments?post=3843"}],"version-history":[{"count":1,"href":"https:\/\/zonalimitrofe-cbnr.com\/index.php\/wp-json\/wp\/v2\/posts\/3843\/revisions"}],"predecessor-version":[{"id":3845,"href":"https:\/\/zonalimitrofe-cbnr.com\/index.php\/wp-json\/wp\/v2\/posts\/3843\/revisions\/3845"}],"wp:featuredmedia":[{"embeddable":true,"href":"https:\/\/zonalimitrofe-cbnr.com\/index.php\/wp-json\/wp\/v2\/media\/3844"}],"wp:attachment":[{"href":"https:\/\/zonalimitrofe-cbnr.com\/index.php\/wp-json\/wp\/v2\/media?parent=3843"}],"wp:term":[{"taxonomy":"category","embeddable":true,"href":"https:\/\/zonalimitrofe-cbnr.com\/index.php\/wp-json\/wp\/v2\/categories?post=3843"},{"taxonomy":"post_tag","embeddable":true,"href":"https:\/\/zonalimitrofe-cbnr.com\/index.php\/wp-json\/wp\/v2\/tags?post=3843"}],"curies":[{"name":"wp","href":"https:\/\/api.w.org\/{rel}","templated":true}]}}