{"id":381,"date":"2024-01-10T00:19:42","date_gmt":"2024-01-10T00:19:42","guid":{"rendered":"https:\/\/zonalimitrofe-cbnr.com\/?p=381"},"modified":"2024-01-10T00:19:42","modified_gmt":"2024-01-10T00:19:42","slug":"durango-gobierno-de-esteban-da-a-conocer-detalles-de-nueva-area-natural-protegida-en-la-region-laguna","status":"publish","type":"post","link":"https:\/\/zonalimitrofe-cbnr.com\/index.php\/2024\/01\/10\/durango-gobierno-de-esteban-da-a-conocer-detalles-de-nueva-area-natural-protegida-en-la-region-laguna\/","title":{"rendered":"#Durango. GOBIERNO DE ESTEBAN DA A CONOCER DETALLES DE NUEVA \u00c1REA NATURAL PROTEGIDA EN LA REGI\u00d3N LAGUNA"},"content":{"rendered":"\n<p>Comarca Lagunera.- El pasado 8 de enero, se public\u00f3 en el Diario Oficial de la Federaci\u00f3n el decreto mediante el cual se declara \u00e1rea natural protegida, con la categor\u00eda de \u00e1rea de protecci\u00f3n de recursos naturales, el sitio R\u00edos y Monta\u00f1as de la Comarca Lagunera, ubicada en los municipios de Lerdo, Nazas, Mapim\u00ed, Cuencam\u00e9 y G\u00f3mez Palacio, inform\u00f3 el subsecretario de Medio Ambiente en el estado de Durango, Felipe Norberto Coria Qui\u00f1ones.<\/p>\n\n\n\n<p>Lo anterior lo dio a conocer en la presentaci\u00f3n del Plan de Manejo de Residuos S\u00f3lidos 2024, en la C\u00e1mara Nacional de la Industria de la Transformaci\u00f3n (Canacintra), de G\u00f3mez Palacio, a la que asisti\u00f3 con la representaci\u00f3n personal de la secretaria de Recursos Naturales y Medio Ambiente del gobierno del Estado de Durango (SRNyMA), Claudia Hern\u00e1ndez Espino.<\/p>\n\n\n\n<p>Ah\u00ed, detall\u00f3 que esta nueva \u00e1rea comprende las \u00e1reas naturales protegidas ya existentes del Ca\u00f1\u00f3n de Fern\u00e1ndez y la Sierra del Sarnoso en La laguna de Durango; abarcando una superficie total de 172 mil 924 hect\u00e1reas; lo cual es ben\u00e9fico para la conservaci\u00f3n de la biodiversidad en la zona de La Laguna.<\/p>\n\n\n\n<p>Durante la reuni\u00f3n se llev\u00f3 a cabo una capacitaci\u00f3n para los socios de CANACINTRA Laguna sobre estos temas: Planes de Manejo de Residuos, \u2060Impacto Ambiental. \u2060Emisiones a la Atm\u00f3sfera y \u2060Competencias Municipales y Estatales.<\/p>\n\n\n\n<p>Destac\u00f3, que en la capacitaci\u00f3n dieron a conocer algunos esquemas para agilizar los tr\u00e1mites que deber\u00e1n hacer las empresas para operar en la entidad, situaci\u00f3n para la que les ha instruido el gobernador, Esteban Villegas Villarreal: \u201cVenimos como resultado a una invitaci\u00f3n que nos hizo la Canacintra de G\u00f3mez Palacio, a trav\u00e9s de su presidente, Alfonso Montellano Villarreal, para comentar con los socios y con algunos grupos de t\u00e9cnicos el esquema para agilizar los tr\u00e1mites que se tienen que hacer para poner en marcha las diferentes licencias y permisos de operaci\u00f3n y protecci\u00f3n Ambiental\u201d.<\/p>\n\n\n\n<p>Algunas de las licencias que son expedidas por la SRNYMA son: Licencias ambientales \u00fanicas, los planes de manejo, los manifiestos y permisos de impacto<\/p>\n\n\n\n<p>ambiental. Puntualiz\u00f3, que la retroalimentaci\u00f3n entre los empresarios y la Secretar\u00eda siempre ha sido rec\u00edproca, y la finalidad es que se disminuyan los tiempos de respuesta para que puedan llevar a cabo sus actividades con los permisos y licencias, sin que una documentaci\u00f3n no represente impedimento para sacar adelante a sus empresas y negocios.<\/p>\n\n\n\n<p>En la sesi\u00f3n de trabajo estuvieron presentes autoridades del Gobierno del Estado de Durango, autoridades Municipales de G\u00f3mez Palacio y Lerdo, el presidente de Canacintra G\u00f3mez Palacio, Alfonso Montellano Villarreal, as\u00ed como empresarios de la regi\u00f3n.<\/p>\n","protected":false},"excerpt":{"rendered":"<p>Comarca Lagunera.- El pasado 8 de enero, se public\u00f3 en el Diario Oficial de la Federaci\u00f3n el decreto mediante el cual se declara \u00e1rea natural protegida, con la categor\u00eda de \u00e1rea de protecci\u00f3n de recursos naturales, el sitio R\u00edos y Monta\u00f1as de la Comarca Lagunera, ubicada en los municipios de Lerdo, Nazas, Mapim\u00ed, Cuencam\u00e9 y [&hellip;]<\/p>\n","protected":false},"author":1,"featured_media":382,"comment_status":"open","ping_status":"open","sticky":false,"template":"","format":"standard","meta":{"_monsterinsights_skip_tracking":false,"_monsterinsights_sitenote_active":false,"_monsterinsights_sitenote_note":"","_monsterinsights_sitenote_category":0,"footnotes":""},"categories":[1],"tags":[],"_links":{"self":[{"href":"https:\/\/zonalimitrofe-cbnr.com\/index.php\/wp-json\/wp\/v2\/posts\/381"}],"collection":[{"href":"https:\/\/zonalimitrofe-cbnr.com\/index.php\/wp-json\/wp\/v2\/posts"}],"about":[{"href":"https:\/\/zonalimitrofe-cbnr.com\/index.php\/wp-json\/wp\/v2\/types\/post"}],"author":[{"embeddable":true,"href":"https:\/\/zonalimitrofe-cbnr.com\/index.php\/wp-json\/wp\/v2\/users\/1"}],"replies":[{"embeddable":true,"href":"https:\/\/zonalimitrofe-cbnr.com\/index.php\/wp-json\/wp\/v2\/comments?post=381"}],"version-history":[{"count":1,"href":"https:\/\/zonalimitrofe-cbnr.com\/index.php\/wp-json\/wp\/v2\/posts\/381\/revisions"}],"predecessor-version":[{"id":383,"href":"https:\/\/zonalimitrofe-cbnr.com\/index.php\/wp-json\/wp\/v2\/posts\/381\/revisions\/383"}],"wp:featuredmedia":[{"embeddable":true,"href":"https:\/\/zonalimitrofe-cbnr.com\/index.php\/wp-json\/wp\/v2\/media\/382"}],"wp:attachment":[{"href":"https:\/\/zonalimitrofe-cbnr.com\/index.php\/wp-json\/wp\/v2\/media?parent=381"}],"wp:term":[{"taxonomy":"category","embeddable":true,"href":"https:\/\/zonalimitrofe-cbnr.com\/index.php\/wp-json\/wp\/v2\/categories?post=381"},{"taxonomy":"post_tag","embeddable":true,"href":"https:\/\/zonalimitrofe-cbnr.com\/index.php\/wp-json\/wp\/v2\/tags?post=381"}],"curies":[{"name":"wp","href":"https:\/\/api.w.org\/{rel}","templated":true}]}}