{"id":3717,"date":"2024-04-05T17:56:58","date_gmt":"2024-04-05T23:56:58","guid":{"rendered":"https:\/\/zonalimitrofe-cbnr.com\/?p=3717"},"modified":"2024-04-05T17:57:54","modified_gmt":"2024-04-05T23:57:54","slug":"congresocoahuila-comprometido-congreso-del-estado-por-la-inclusion-de-personas-con-autismo","status":"publish","type":"post","link":"https:\/\/zonalimitrofe-cbnr.com\/index.php\/2024\/04\/05\/congresocoahuila-comprometido-congreso-del-estado-por-la-inclusion-de-personas-con-autismo\/","title":{"rendered":"#CongresoCoahuila. Comprometido Congreso del Estado por la inclusi\u00f3n de personas con autismo"},"content":{"rendered":"\n<p><strong>Saltillo, Coahuila a 05 de abril de 2024.- <\/strong>En la sesi\u00f3n de esta semana en el Congreso del Estado de Coahuila, las diputadas y diputados que integran los grupos parlamentarios &#8220;Alianza Coahuila&#8221; del PRI, PAN y PRD, presentaron un pronunciamiento en relaci\u00f3n con el D\u00eda Mundial de la Concientizaci\u00f3n sobre el Autismo que se conmemora el 2 de abril, mediante el cual reiteraron su compromiso de trabajar por un estado m\u00e1s inclusivo. El autismo es una condici\u00f3n neurobiol\u00f3gica que afecta la manera en que una persona percibe el mundo y se relaciona con los dem\u00e1s. Cada individuo con autismo es \u00fanico, con habilidades y desaf\u00edos que merecen ser reconocidos y apoyados, por lo tanto fomentar la comprensi\u00f3n y apoyo hacia las personas con esta condici\u00f3n es fundamental para construir una sociedad m\u00e1s inclusiva. \u201cDesde el Congreso del Estado de Coahuila, reafirmamos nuestro compromiso de trabajar en conjunto para construir un estado m\u00e1s inclusivo y accesible para las personas con autismo. Esto implica no solo crear entornos f\u00edsicos y sociales que fomenten su participaci\u00f3n plena, sino tambi\u00e9n promover la sensibilizaci\u00f3n y el entendimiento en todos los \u00e1mbitos de la vida\u201d se\u00f1alan los legisladores en el pronunciamiento. Por otro lado, en atenci\u00f3n a la solicitud de la asociaci\u00f3n \u201cFamilias Unidas por el Autismo en M\u00e9xico A.C.\u201d , el Congreso del Estado de Coahuila se sum\u00f3 al movimiento mundial de concientizaci\u00f3n acerca del Espectro Autista &#8220;Light It Up Blue&#8221;, iluminando de azul la fachada del recinto legislativo durante el mes de abril.<\/p>\n","protected":false},"excerpt":{"rendered":"<p>Saltillo, Coahuila a 05 de abril de 2024.- En la sesi\u00f3n de esta semana en el Congreso del Estado de Coahuila, las diputadas y diputados que integran los grupos parlamentarios &#8220;Alianza Coahuila&#8221; del PRI, PAN y PRD, presentaron un pronunciamiento en relaci\u00f3n con el D\u00eda Mundial de la Concientizaci\u00f3n sobre el Autismo que se conmemora [&hellip;]<\/p>\n","protected":false},"author":1,"featured_media":3720,"comment_status":"open","ping_status":"open","sticky":false,"template":"","format":"standard","meta":{"_monsterinsights_skip_tracking":false,"_monsterinsights_sitenote_active":false,"_monsterinsights_sitenote_note":"","_monsterinsights_sitenote_category":0,"footnotes":""},"categories":[1],"tags":[],"_links":{"self":[{"href":"https:\/\/zonalimitrofe-cbnr.com\/index.php\/wp-json\/wp\/v2\/posts\/3717"}],"collection":[{"href":"https:\/\/zonalimitrofe-cbnr.com\/index.php\/wp-json\/wp\/v2\/posts"}],"about":[{"href":"https:\/\/zonalimitrofe-cbnr.com\/index.php\/wp-json\/wp\/v2\/types\/post"}],"author":[{"embeddable":true,"href":"https:\/\/zonalimitrofe-cbnr.com\/index.php\/wp-json\/wp\/v2\/users\/1"}],"replies":[{"embeddable":true,"href":"https:\/\/zonalimitrofe-cbnr.com\/index.php\/wp-json\/wp\/v2\/comments?post=3717"}],"version-history":[{"count":1,"href":"https:\/\/zonalimitrofe-cbnr.com\/index.php\/wp-json\/wp\/v2\/posts\/3717\/revisions"}],"predecessor-version":[{"id":3719,"href":"https:\/\/zonalimitrofe-cbnr.com\/index.php\/wp-json\/wp\/v2\/posts\/3717\/revisions\/3719"}],"wp:featuredmedia":[{"embeddable":true,"href":"https:\/\/zonalimitrofe-cbnr.com\/index.php\/wp-json\/wp\/v2\/media\/3720"}],"wp:attachment":[{"href":"https:\/\/zonalimitrofe-cbnr.com\/index.php\/wp-json\/wp\/v2\/media?parent=3717"}],"wp:term":[{"taxonomy":"category","embeddable":true,"href":"https:\/\/zonalimitrofe-cbnr.com\/index.php\/wp-json\/wp\/v2\/categories?post=3717"},{"taxonomy":"post_tag","embeddable":true,"href":"https:\/\/zonalimitrofe-cbnr.com\/index.php\/wp-json\/wp\/v2\/tags?post=3717"}],"curies":[{"name":"wp","href":"https:\/\/api.w.org\/{rel}","templated":true}]}}