{"id":3406,"date":"2024-03-27T13:30:15","date_gmt":"2024-03-27T19:30:15","guid":{"rendered":"https:\/\/zonalimitrofe-cbnr.com\/?p=3406"},"modified":"2024-03-27T13:30:15","modified_gmt":"2024-03-27T19:30:15","slug":"torreon-presentan-productos-de-plata-conmemorativos-del-eclipse-solar-total","status":"publish","type":"post","link":"https:\/\/zonalimitrofe-cbnr.com\/index.php\/2024\/03\/27\/torreon-presentan-productos-de-plata-conmemorativos-del-eclipse-solar-total\/","title":{"rendered":"#Torre\u00f3n. Presentan productos de plata conmemorativos del eclipse solar total"},"content":{"rendered":"\n<p>Torre\u00f3n, Coahuila. A 27 de marzo de 2024<\/p>\n\n\n\n<p>La Direcci\u00f3n de Comercio y Turismo en conjunto con el Instituto Municipal de Cultura y Educaci\u00f3n, la Subsecretaria de Turismo en la Regi\u00f3n Laguna y el Consejo Regulador de Plata, presentaron los productos conmemorativos del pr\u00f3ximo eclipse solar total, los cuales fueron hechos por dise\u00f1adores locales.<\/p>\n\n\n\n<p>Jos\u00e9 Luis T\u00e9llez Montes, director de Comercio y Turismo, dijo que desde hace dos a\u00f1os se trabaja en conjunto con diversos sectores para poder ofrecer productos tur\u00edsticos atractivos, en este caso la plata y el sotol.<\/p>\n\n\n\n<p>Mencion\u00f3 que el prop\u00f3sito de la colaboraci\u00f3n con los integrantes del Consejo Regulador de la Plata, es que los turistas que se den cita en la ciudad este pr\u00f3ximo 08 de abril para observar el fen\u00f3meno natural, se lleven un recuerdo de Torre\u00f3n en cada uno de los dise\u00f1os elaborados para la ocasi\u00f3n.<\/p>\n\n\n\n<p>Resalt\u00f3 que entre los dise\u00f1os se encuentran piezas con la forma del pan franc\u00e9s, el Cristo de las Noas, la Puerta Amarilla y el Telef\u00e9rico, productos que se llevar\u00e1n muchas personas y representar\u00e1n a Torre\u00f3n en cualquier parte del pa\u00eds y del mundo.<\/p>\n\n\n\n<p>Alejandro Fern\u00e1ndez, titular del Consejo Regulador de la Plata, mencion\u00f3 que con motivo del eclipse solar un grupo de talentosos dise\u00f1adores de la laguna, realizaron piezas como collares, aretes, pulseras, anillos, diademas y medallas conmemorativas hechas a mano con la mejor plata del mundo.<\/p>\n\n\n\n<p>Dijo que con estas piezas buscan compartir la experiencia del fen\u00f3meno natural y brindar a las personas la oportunidad de llevarse consigo un recuerdo \u00fanico.<\/p>\n\n\n\n<p>Cabe destacar que una de las piezas m\u00e1s atractivas es la medalla conmemorativa, la cual muestra dos caras, su di\u00e1metro es de 2.4 cent\u00edmetros, con dise\u00f1o abstracto que representa el momento de yuxtaposici\u00f3n del sol con la luna, el tiraje es de 925 piezas y estar\u00e1 a la venta en el Museo Arocena.<\/p>\n\n\n\n<p>Las piezas pueden encontrarse en las redes sociales de los dise\u00f1adores y marcas como, ALNUR, KUYEN, Rosy Granados Joyer\u00eda, Cecilia Men\u00e9ndez, Taller 201, Paulina Meza y La Plater\u00eda.<\/p>\n\n\n\n<p>Por su parte Antonio M\u00e9ndez Vigat\u00e1, director del Instituto Municipal de Cultura y Educaci\u00f3n (IMCE), se\u00f1al\u00f3 que la regi\u00f3n se est\u00e1 desarrollando en el arte de la<\/p>\n\n\n\n<p>orfebrer\u00eda y los art\u00edculos de plata hechos por los dise\u00f1adores laguneros son interesantes, modernos y propositivos.<\/p>\n\n\n\n<p>A\u00f1adi\u00f3 que la participaci\u00f3n del IMCE incluye actividades en los museos del Algod\u00f3n, Ferrocarril, Casa del Cerro, de la Moneda, Canal de la Perla y Casa Mud\u00e9jar adem\u00e1s de los centros culturales La Jabonera y Jos\u00e9 R. Mijares.<\/p>\n\n\n\n<p>Adem\u00e1s dijo que en el Bosque Urbano el d\u00eda 08 de abril habr\u00e1 actividades art\u00edsticas y culturales a partir de las 09:30 horas, las cuales incluyen danza azteca, participaci\u00f3n del cantante Fernando Sujo y presentaci\u00f3n de la Banda Municipal, entre otras.<\/p>\n\n\n\n<p>Asistieron a la presentaci\u00f3n Mar\u00eda Eugenia Villarreal Abusaid, subsecretaria de Turismo en la Regi\u00f3n Laguna, Antonio Vaca, gerente de Vinculaci\u00f3n de Met \u2013 Mex Pe\u00f1oles y miembro del Consejo Regulador de la Plata, adem\u00e1s de los dise\u00f1adores Paulina Delgado y Eduardo Ben\u00edtez<\/p>\n","protected":false},"excerpt":{"rendered":"<p>Torre\u00f3n, Coahuila. A 27 de marzo de 2024 La Direcci\u00f3n de Comercio y Turismo en conjunto con el Instituto Municipal de Cultura y Educaci\u00f3n, la Subsecretaria de Turismo en la Regi\u00f3n Laguna y el Consejo Regulador de Plata, presentaron los productos conmemorativos del pr\u00f3ximo eclipse solar total, los cuales fueron hechos por dise\u00f1adores locales. Jos\u00e9 [&hellip;]<\/p>\n","protected":false},"author":1,"featured_media":3407,"comment_status":"open","ping_status":"open","sticky":false,"template":"","format":"standard","meta":{"_monsterinsights_skip_tracking":false,"_monsterinsights_sitenote_active":false,"_monsterinsights_sitenote_note":"","_monsterinsights_sitenote_category":0,"footnotes":""},"categories":[1],"tags":[],"_links":{"self":[{"href":"https:\/\/zonalimitrofe-cbnr.com\/index.php\/wp-json\/wp\/v2\/posts\/3406"}],"collection":[{"href":"https:\/\/zonalimitrofe-cbnr.com\/index.php\/wp-json\/wp\/v2\/posts"}],"about":[{"href":"https:\/\/zonalimitrofe-cbnr.com\/index.php\/wp-json\/wp\/v2\/types\/post"}],"author":[{"embeddable":true,"href":"https:\/\/zonalimitrofe-cbnr.com\/index.php\/wp-json\/wp\/v2\/users\/1"}],"replies":[{"embeddable":true,"href":"https:\/\/zonalimitrofe-cbnr.com\/index.php\/wp-json\/wp\/v2\/comments?post=3406"}],"version-history":[{"count":1,"href":"https:\/\/zonalimitrofe-cbnr.com\/index.php\/wp-json\/wp\/v2\/posts\/3406\/revisions"}],"predecessor-version":[{"id":3408,"href":"https:\/\/zonalimitrofe-cbnr.com\/index.php\/wp-json\/wp\/v2\/posts\/3406\/revisions\/3408"}],"wp:featuredmedia":[{"embeddable":true,"href":"https:\/\/zonalimitrofe-cbnr.com\/index.php\/wp-json\/wp\/v2\/media\/3407"}],"wp:attachment":[{"href":"https:\/\/zonalimitrofe-cbnr.com\/index.php\/wp-json\/wp\/v2\/media?parent=3406"}],"wp:term":[{"taxonomy":"category","embeddable":true,"href":"https:\/\/zonalimitrofe-cbnr.com\/index.php\/wp-json\/wp\/v2\/categories?post=3406"},{"taxonomy":"post_tag","embeddable":true,"href":"https:\/\/zonalimitrofe-cbnr.com\/index.php\/wp-json\/wp\/v2\/tags?post=3406"}],"curies":[{"name":"wp","href":"https:\/\/api.w.org\/{rel}","templated":true}]}}