{"id":3241,"date":"2024-03-22T16:20:49","date_gmt":"2024-03-22T22:20:49","guid":{"rendered":"https:\/\/zonalimitrofe-cbnr.com\/?p=3241"},"modified":"2024-03-22T16:20:49","modified_gmt":"2024-03-22T22:20:49","slug":"torreon-presentan-detalles-del-operativo-vacacional-para-la-reserva-ecologica-municipal-sierra-y-canon-de-jimulco","status":"publish","type":"post","link":"https:\/\/zonalimitrofe-cbnr.com\/index.php\/2024\/03\/22\/torreon-presentan-detalles-del-operativo-vacacional-para-la-reserva-ecologica-municipal-sierra-y-canon-de-jimulco\/","title":{"rendered":"#Torre\u00f3n. Presentan detalles del operativo vacacional para la Reserva Ecol\u00f3gica Municipal Sierra y Ca\u00f1\u00f3n de Jimulco"},"content":{"rendered":"\n<p><strong>Torre\u00f3n, Coahuila. A 22 de marzo de 2024.<\/strong> Como parte de las acciones para el cuidado de la Reserva Ecol\u00f3gica Municipal Sierra y Ca\u00f1\u00f3n de Jimulco, as\u00ed como de las estrategias de seguridad para los visitantes durante la temporada vacacional, se implementar\u00e1 el operativo especial de prevenci\u00f3n y vigilancia. Roberto Mu\u00f1oz del Rio, presidente del consejo directivo de Fundaci\u00f3n Jimulco A.C., dio a conocer que la labor se llevar\u00e1 a cabo los d\u00edas 28, 29 y 30 de marzo, en los que se espera la llegada de al menos dos mil 500 visitantes al \u00e1rea natural protegida. La labor consiste en la inspecci\u00f3n continua por parte de los elementos de la Direcci\u00f3n de Seguridad P\u00fablica Municipal (DSPM), as\u00ed como los del Cuerpo de Bomberos, quienes est\u00e1n capacitados en primeros auxilios y rescate acu\u00e1tico, y el personal de Protecci\u00f3n Civil para actuar de inmediato en el caso de alg\u00fan incidente. Adem\u00e1s de la Direcci\u00f3n de Medio Ambiente, la Secretaria de Medio Ambiente, Cruz Roja y la Promotora Ambiental (PASA), coordinados por Fundaci\u00f3n Jimulco A. C., a trav\u00e9s del personal de la administraci\u00f3n de la reserva y con la colaboraci\u00f3n de los residentes del \u00e1rea como autoridades ejidales, el Grupo de Promotoras Ambientales Comunitarias, Brigada Ambiental Juvenil, el Comit\u00e9 de Vigilancia Comunitaria y la Brigada contra Incendios Forestales. Tambi\u00e9n ser\u00e1n instalados m\u00f3dulos de informaci\u00f3n en el Puente Canal del ejido Jalisco, en el ejido Barreal de Guadalupe, en el Ca\u00f1\u00f3n de la Cabeza y en el Ca\u00f1\u00f3n del Realito. Lo anterior para entregar tr\u00edpticos de la \u201cGu\u00eda para visitantes de la reserva ecol\u00f3gica\u201d, que contienen informaci\u00f3n sobre los diferentes sitios donde se ubican las \u00e1reas para acampar, hospedar, consumir alimentos, y sitios de inter\u00e9s. Igualmente, la ubicaci\u00f3n del apoyo de las corporaciones de seguridad en caso de alg\u00fan percance, informaci\u00f3n sobre las actividades prohibidas como el traslado con moto cross, reizer y la pr\u00e1ctica de caza u extracci\u00f3n de flora y fauna.<\/p>\n","protected":false},"excerpt":{"rendered":"<p>Torre\u00f3n, Coahuila. A 22 de marzo de 2024. Como parte de las acciones para el cuidado de la Reserva Ecol\u00f3gica Municipal Sierra y Ca\u00f1\u00f3n de Jimulco, as\u00ed como de las estrategias de seguridad para los visitantes durante la temporada vacacional, se implementar\u00e1 el operativo especial de prevenci\u00f3n y vigilancia. Roberto Mu\u00f1oz del Rio, presidente del [&hellip;]<\/p>\n","protected":false},"author":1,"featured_media":3242,"comment_status":"open","ping_status":"open","sticky":false,"template":"","format":"standard","meta":{"_monsterinsights_skip_tracking":false,"_monsterinsights_sitenote_active":false,"_monsterinsights_sitenote_note":"","_monsterinsights_sitenote_category":0,"footnotes":""},"categories":[1],"tags":[],"_links":{"self":[{"href":"https:\/\/zonalimitrofe-cbnr.com\/index.php\/wp-json\/wp\/v2\/posts\/3241"}],"collection":[{"href":"https:\/\/zonalimitrofe-cbnr.com\/index.php\/wp-json\/wp\/v2\/posts"}],"about":[{"href":"https:\/\/zonalimitrofe-cbnr.com\/index.php\/wp-json\/wp\/v2\/types\/post"}],"author":[{"embeddable":true,"href":"https:\/\/zonalimitrofe-cbnr.com\/index.php\/wp-json\/wp\/v2\/users\/1"}],"replies":[{"embeddable":true,"href":"https:\/\/zonalimitrofe-cbnr.com\/index.php\/wp-json\/wp\/v2\/comments?post=3241"}],"version-history":[{"count":1,"href":"https:\/\/zonalimitrofe-cbnr.com\/index.php\/wp-json\/wp\/v2\/posts\/3241\/revisions"}],"predecessor-version":[{"id":3243,"href":"https:\/\/zonalimitrofe-cbnr.com\/index.php\/wp-json\/wp\/v2\/posts\/3241\/revisions\/3243"}],"wp:featuredmedia":[{"embeddable":true,"href":"https:\/\/zonalimitrofe-cbnr.com\/index.php\/wp-json\/wp\/v2\/media\/3242"}],"wp:attachment":[{"href":"https:\/\/zonalimitrofe-cbnr.com\/index.php\/wp-json\/wp\/v2\/media?parent=3241"}],"wp:term":[{"taxonomy":"category","embeddable":true,"href":"https:\/\/zonalimitrofe-cbnr.com\/index.php\/wp-json\/wp\/v2\/categories?post=3241"},{"taxonomy":"post_tag","embeddable":true,"href":"https:\/\/zonalimitrofe-cbnr.com\/index.php\/wp-json\/wp\/v2\/tags?post=3241"}],"curies":[{"name":"wp","href":"https:\/\/api.w.org\/{rel}","templated":true}]}}