{"id":32397,"date":"2026-09-02T18:49:14","date_gmt":"2026-09-03T00:49:14","guid":{"rendered":"https:\/\/zonalimitrofe-cbnr.com\/?p=32397"},"modified":"2026-09-02T18:49:14","modified_gmt":"2026-09-03T00:49:14","slug":"uadec-anuncia-rector-de-la-uadec-la-instalacion-de-un-centro-multidisciplinario-de-salud-en-ul","status":"publish","type":"post","link":"https:\/\/zonalimitrofe-cbnr.com\/index.php\/2026\/09\/02\/uadec-anuncia-rector-de-la-uadec-la-instalacion-de-un-centro-multidisciplinario-de-salud-en-ul\/","title":{"rendered":"#UAdeC. Anuncia Rector de la UAdeC la Instalaci\u00f3n de un Centro Multidisciplinario de Salud en UL"},"content":{"rendered":"\n<p>TORRE\u00d3N, Coahuila. 2 de septiembre de 2026. Durante el informe del director de la Facultad de Odontolog\u00eda Unidad Laguna de la Universidad Aut\u00f3noma de Coahuila, Enrique D\u00edaz Palomares, el rector Octavio Pimentel Mart\u00ednez anunci\u00f3 el proyecto de la creaci\u00f3n de un Centro Multidisciplinario de Salud.<\/p>\n\n\n\n<p>Al evento asisti\u00f3 el coordinador de la Unidad Laguna, Omar Rojas Zapata, as\u00ed como integrantes del Consejo Directivo de la Facultad, directivos de Escuelas y Facultades de la UL, docentes y comunidad estudiantil.<\/p>\n\n\n\n<p>En su mensaje, el Rector reconoci\u00f3 los logros del informe del Dr. Enrique D\u00edaz Palomares, enfocados en fortalecer la infraestructura y generar mejores condiciones para las y los estudiantes, as\u00ed mismo se\u00f1al\u00f3 que estos resultados son producto de la gesti\u00f3n, el trabajo en conjunto y la suma de esfuerzos entre la Rector\u00eda, la Coordinaci\u00f3n UL y la Facultad.<\/p>\n\n\n\n<p>Destac\u00f3 tambi\u00e9n la importancia de fortalecer la investigaci\u00f3n y la generaci\u00f3n de conocimientos en el \u00e1rea de la salud, por lo que anunci\u00f3 que en la Unidad Laguna se proyecta poner en marcha un Centro Multidisciplinario de Salud con la participaci\u00f3n de las \u00e1reas de Medicina, Enfermer\u00eda, Odontolog\u00eda y Psicolog\u00eda, con la finalidad de desarrollar un programa integral de salud integral dirigido a estudiantes, docentes y trabajadores.<\/p>\n\n\n\n<p>Por su parte en el informe, el director Enrique D\u00edaz, destac\u00f3 que la Facultad ha fortalecido sus indicadores de calidad educativa mediante el impulso de la investigaci\u00f3n, la actualizaci\u00f3n de su planta docente y la consolidaci\u00f3n de sus cuerpos acad\u00e9micos.<\/p>\n\n\n\n<p>A\u00f1adi\u00f3 que las acciones emprendidas se enfocan en el respaldo para la participaci\u00f3n de docentes en congresos, la publicaci\u00f3n de art\u00edculos cient\u00edficos en revistas de alto impacto y la realizaci\u00f3n de intercambios acad\u00e9micos internacionales, entre ellos, uno desarrollado en el estado de Colorado, Estados Unidos.<\/p>\n\n\n\n<p>Adem\u00e1s se ha fortalecido la certificaci\u00f3n de sus programas de posgrado y del personal acad\u00e9mico mediante organismos especializados, en el caso de Endodoncia, se logr\u00f3 la certificaci\u00f3n del posgrado por parte de la Asociaci\u00f3n Mexicana de Endodoncia, en Odontolog\u00eda Infantil, el Consejo Mexicano de Odontolog\u00eda Pedi\u00e1trica certific\u00f3 a docentes, estudiantes y egresados que aprobaron el proceso de evaluaci\u00f3n, mientras que en Periodoncia el 100 por ciento de la planta docente cuenta con certificaci\u00f3n ante el organismo correspondiente.<\/p>\n\n\n\n<p>El Dr. D\u00edaz Palomares, manifest\u00f3 que, como parte de la estrategia de modernizaci\u00f3n, se habilit\u00f3 un laboratorio de Patolog\u00eda, se incorpor\u00f3 un laboratorio de Microbiolog\u00eda y<\/p>\n\n\n\n<p>Ciencias Moleculares Odontol\u00f3gicas, concebido como un espacio acad\u00e9mico y de investigaci\u00f3n, orientado al estudio de microorganismos relacionados con la salud y las enfermedades de cavidad oral, as\u00ed como mecanismos moleculares involucrados en los procesos odontol\u00f3gicos.<\/p>\n\n\n\n<p>De igual manera, destac\u00f3 que se ha trabajado en el equipamiento de consultorios odontol\u00f3gicos en diferentes instituciones de la Unidad Laguna, por ejemplo, en la Escuela de Bachilleres Aguanueva \u201cIng. An\u00edbal Flores Neyra\u201d, se incorporaron dos unidades dentales, un compresor, equipo de rayos X y autoclaves, en el Centro y Jard\u00edn Etnobiol\u00f3gico (CIJE) ubicado en Viesca, se contempla el equipamiento de dos unidades dentales, con el prop\u00f3sito de acercar los servicios de salud bucal a la comunidad.<\/p>\n\n\n\n<p>Al t\u00e9rmino de la presentaci\u00f3n del informe, el rector Octavio Pimentel Mart\u00ednez, acompa\u00f1ado por las autoridades universitarias y miembros de la comunidad de la Facultad de Odontolog\u00eda, encabez\u00f3 la inauguraci\u00f3n de la Cl\u00ednica de cuarto a\u00f1o, el Laboratorio de Psicolog\u00eda y el Laboratorio de Microbiolog\u00eda, espacios que contribuir\u00e1n al fortalecimiento de la formaci\u00f3n acad\u00e9mica, la investigaci\u00f3n y las actividades pr\u00e1cticas estudiantes.<\/p>\n","protected":false},"excerpt":{"rendered":"<p>TORRE\u00d3N, Coahuila. 2 de septiembre de 2026. Durante el informe del director de la Facultad de Odontolog\u00eda Unidad Laguna de la Universidad Aut\u00f3noma de Coahuila, Enrique D\u00edaz Palomares, el rector Octavio Pimentel Mart\u00ednez anunci\u00f3 el proyecto de la creaci\u00f3n de un Centro Multidisciplinario de Salud. Al evento asisti\u00f3 el coordinador de la Unidad Laguna, Omar [&hellip;]<\/p>\n","protected":false},"author":1,"featured_media":32398,"comment_status":"open","ping_status":"open","sticky":false,"template":"","format":"standard","meta":{"_monsterinsights_skip_tracking":false,"footnotes":""},"categories":[1],"tags":[],"_links":{"self":[{"href":"https:\/\/zonalimitrofe-cbnr.com\/index.php\/wp-json\/wp\/v2\/posts\/32397"}],"collection":[{"href":"https:\/\/zonalimitrofe-cbnr.com\/index.php\/wp-json\/wp\/v2\/posts"}],"about":[{"href":"https:\/\/zonalimitrofe-cbnr.com\/index.php\/wp-json\/wp\/v2\/types\/post"}],"author":[{"embeddable":true,"href":"https:\/\/zonalimitrofe-cbnr.com\/index.php\/wp-json\/wp\/v2\/users\/1"}],"replies":[{"embeddable":true,"href":"https:\/\/zonalimitrofe-cbnr.com\/index.php\/wp-json\/wp\/v2\/comments?post=32397"}],"version-history":[{"count":1,"href":"https:\/\/zonalimitrofe-cbnr.com\/index.php\/wp-json\/wp\/v2\/posts\/32397\/revisions"}],"predecessor-version":[{"id":32399,"href":"https:\/\/zonalimitrofe-cbnr.com\/index.php\/wp-json\/wp\/v2\/posts\/32397\/revisions\/32399"}],"wp:featuredmedia":[{"embeddable":true,"href":"https:\/\/zonalimitrofe-cbnr.com\/index.php\/wp-json\/wp\/v2\/media\/32398"}],"wp:attachment":[{"href":"https:\/\/zonalimitrofe-cbnr.com\/index.php\/wp-json\/wp\/v2\/media?parent=32397"}],"wp:term":[{"taxonomy":"category","embeddable":true,"href":"https:\/\/zonalimitrofe-cbnr.com\/index.php\/wp-json\/wp\/v2\/categories?post=32397"},{"taxonomy":"post_tag","embeddable":true,"href":"https:\/\/zonalimitrofe-cbnr.com\/index.php\/wp-json\/wp\/v2\/tags?post=32397"}],"curies":[{"name":"wp","href":"https:\/\/api.w.org\/{rel}","templated":true}]}}