{"id":32387,"date":"2026-09-02T18:32:15","date_gmt":"2026-09-03T00:32:15","guid":{"rendered":"https:\/\/zonalimitrofe-cbnr.com\/?p=32387"},"modified":"2026-09-02T18:32:16","modified_gmt":"2026-09-03T00:32:16","slug":"torreon-mars-toma-protesta-a-nuevo-titular-del-centro-de-justicia-municipal","status":"publish","type":"post","link":"https:\/\/zonalimitrofe-cbnr.com\/index.php\/2026\/09\/02\/torreon-mars-toma-protesta-a-nuevo-titular-del-centro-de-justicia-municipal\/","title":{"rendered":"#Torre\u00f3n. MARS TOMA PROTESTA A NUEVO TITULAR DEL CENTRO DE JUSTICIA MUNICIPAL"},"content":{"rendered":"\n<ul>\n<li>Cabildo de Torre\u00f3n tendr\u00e1 Sesi\u00f3n Solemne en el Centro de Convenciones con motivo del 119 aniversario de la ciudad<\/li>\n<\/ul>\n\n\n\n<p>Torre\u00f3n, Coahuila de Zaragoza; 2 de septiembre de 2026.- Durante la Trig\u00e9sima Sexta Sesi\u00f3n Ordinaria de Cabildo, este viernes el alcalde Miguel \u00c1ngel Riquelme Sol\u00eds tom\u00f3 protesta a Carlos de Lara McGrath, como nuevo titular del Centro de Justicia Municipal (CJM) de Torre\u00f3n.<\/p>\n\n\n\n<p>El Presidente Municipal dijo que la seguridad en Torre\u00f3n tiene varios factores que inciden para garantizar la tranquilidad, la paz y el orden, y que uno de ellos es precisamente esta \u00e1rea que a partir de hoy cuenta con nuevo director.<\/p>\n\n\n\n<p>En otro asunto, fue aprobado como recinto oficial para la pr\u00f3xima Sesi\u00f3n Solemne de Cabildo que se llevar\u00e1 a cabo el 15 de septiembre del presente a\u00f1o, con motivo del 119 Aniversario de la ciudad de Torre\u00f3n, el Centro de Convenciones.<\/p>\n\n\n\n<p>La sesi\u00f3n se realizar\u00e1 a las 10:00 horas. Asimismo, se har\u00e1 la entrega de las preseas a la Ciudadan\u00eda Distinguida.<\/p>\n\n\n\n<p>Adem\u00e1s, el Cabildo de Torre\u00f3n aprob\u00f3 el estado financiero correspondiente al mes de julio del ejercicio fiscal 2026, as\u00ed como dos dict\u00e1menes para la autorizaci\u00f3n del esquema de regularizaci\u00f3n con valor catastral 2026, el primero correspondiente a 48 lotes ubicados en la colonia Lucio Caba\u00f1as, y el segundo para 16 lotes ubicados en el fraccionamiento Mayr\u00e1n.<\/p>\n\n\n\n<p>En otro de los asuntos revisados, se aprob\u00f3 la solicitud de cambio de uso de suelo de habitacional Media Baja (H2) a Mixto 1 (Habitacional con Comercio) de un lote en el fraccionamiento Ampliaci\u00f3n Los \u00c1ngeles de esta ciudad.<\/p>\n\n\n\n<p>De igual forma, bajo la estrategia de la Administraci\u00f3n de prevenir y combatir el abuso en el uso del alcohol y regular su venta en el municipio, se aprobaron 16 solicitudes de establecimientos mercantiles para cambio de domicilio, denominaci\u00f3n o giro en su certificaci\u00f3n<\/p>\n\n\n\n<p>municipal de alcoholes, con lo cual se fortalece tambi\u00e9n la legalidad de los establecimientos y el orden comercial<\/p>\n","protected":false},"excerpt":{"rendered":"<p>Torre\u00f3n, Coahuila de Zaragoza; 2 de septiembre de 2026.- Durante la Trig\u00e9sima Sexta Sesi\u00f3n Ordinaria de Cabildo, este viernes el alcalde Miguel \u00c1ngel Riquelme Sol\u00eds tom\u00f3 protesta a Carlos de Lara McGrath, como nuevo titular del Centro de Justicia Municipal (CJM) de Torre\u00f3n. El Presidente Municipal dijo que la seguridad en Torre\u00f3n tiene varios factores [&hellip;]<\/p>\n","protected":false},"author":1,"featured_media":32388,"comment_status":"open","ping_status":"open","sticky":false,"template":"","format":"standard","meta":{"_monsterinsights_skip_tracking":false,"footnotes":""},"categories":[1],"tags":[],"_links":{"self":[{"href":"https:\/\/zonalimitrofe-cbnr.com\/index.php\/wp-json\/wp\/v2\/posts\/32387"}],"collection":[{"href":"https:\/\/zonalimitrofe-cbnr.com\/index.php\/wp-json\/wp\/v2\/posts"}],"about":[{"href":"https:\/\/zonalimitrofe-cbnr.com\/index.php\/wp-json\/wp\/v2\/types\/post"}],"author":[{"embeddable":true,"href":"https:\/\/zonalimitrofe-cbnr.com\/index.php\/wp-json\/wp\/v2\/users\/1"}],"replies":[{"embeddable":true,"href":"https:\/\/zonalimitrofe-cbnr.com\/index.php\/wp-json\/wp\/v2\/comments?post=32387"}],"version-history":[{"count":1,"href":"https:\/\/zonalimitrofe-cbnr.com\/index.php\/wp-json\/wp\/v2\/posts\/32387\/revisions"}],"predecessor-version":[{"id":32389,"href":"https:\/\/zonalimitrofe-cbnr.com\/index.php\/wp-json\/wp\/v2\/posts\/32387\/revisions\/32389"}],"wp:featuredmedia":[{"embeddable":true,"href":"https:\/\/zonalimitrofe-cbnr.com\/index.php\/wp-json\/wp\/v2\/media\/32388"}],"wp:attachment":[{"href":"https:\/\/zonalimitrofe-cbnr.com\/index.php\/wp-json\/wp\/v2\/media?parent=32387"}],"wp:term":[{"taxonomy":"category","embeddable":true,"href":"https:\/\/zonalimitrofe-cbnr.com\/index.php\/wp-json\/wp\/v2\/categories?post=32387"},{"taxonomy":"post_tag","embeddable":true,"href":"https:\/\/zonalimitrofe-cbnr.com\/index.php\/wp-json\/wp\/v2\/tags?post=32387"}],"curies":[{"name":"wp","href":"https:\/\/api.w.org\/{rel}","templated":true}]}}