{"id":32372,"date":"2026-09-01T19:10:42","date_gmt":"2026-09-02T01:10:42","guid":{"rendered":"https:\/\/zonalimitrofe-cbnr.com\/?p=32372"},"modified":"2026-09-01T19:10:42","modified_gmt":"2026-09-02T01:10:42","slug":"torreon-es-hoy-una-ciudad-segura-con-rumbo-y-certeza-mars","status":"publish","type":"post","link":"https:\/\/zonalimitrofe-cbnr.com\/index.php\/2026\/09\/01\/torreon-es-hoy-una-ciudad-segura-con-rumbo-y-certeza-mars\/","title":{"rendered":"#TORRE\u00d3N ES HOY UNA CIUDAD SEGURA, CON RUMBO Y CERTEZA: MARS"},"content":{"rendered":"\n<ul>\n<li>El alcalde reconoce el trabajo de generaciones y las condiciones que hoy permiten su desarrollo<\/li>\n<\/ul>\n\n\n\n<p>Torre\u00f3n, Coahuila de Zaragoza; 01 de septiembre de 2026. \u2013 Este martes comenzaron las actividades conmemorativas del mes patrio, con la ceremonia de Izamiento de la Bandera Nacional y la Lectura del Bando Solemne, en la explanada de la Plaza Mayor. Asimismo, el alcalde Miguel \u00c1ngel Riquelme Sol\u00eds dio lectura al Decreto de la Fundaci\u00f3n de la Ciudad de Torre\u00f3n, en el marco de su 119 aniversario.<\/p>\n\n\n\n<p>La lectura del Bando Solemne estuvo a cargo del secretario del Ayuntamiento, Eduardo Olmos Castro.<\/p>\n\n\n\n<p>El presidente municipal reconoci\u00f3 a las mujeres y hombres que hace m\u00e1s de 119 a\u00f1os decidieron apostar por la tierra que hoy es Torre\u00f3n, y emprendieron el proyecto de edificar una ciudad moderna, de oportunidades y de vanguardia para el pa\u00eds. \u201cCon trabajo, car\u00e1cter y perseverancia, transformaron una comunidad en uno de los motores econ\u00f3micos, industriales y sociales m\u00e1s importantes del norte de M\u00e9xico y hoy nos reunimos para honrar esa historia\u201d.<\/p>\n\n\n\n<p>Dijo que la lectura del Bando Solemne es la ocasi\u00f3n propicia para recordar qui\u00e9nes somos, de d\u00f3nde venimos y hacia d\u00f3nde queremos llegar. Es la oportunidad de reconocer a las generaciones que hicieron posible la grandeza de Torre\u00f3n y de refrendar el compromiso con las generaciones por venir.<\/p>\n\n\n\n<p>El alcalde resalt\u00f3 que Torre\u00f3n es una ciudad nacida del esfuerzo que aprendi\u00f3 abrirse camino en medio del desierto, y que fue construida por familias que hicieron del trabajo una forma de vida. Se\u00f1al\u00f3 tambi\u00e9n que<\/p>\n\n\n\n<p>la ciudad ha prosperado en la agricultura, el comercio, la industria, el turismo, la educaci\u00f3n, y la cultura, lo que refleja el car\u00e1cter y la unidad de su gente, quienes siempre han sabido salir adelante ante cualquier desaf\u00edo.<\/p>\n\n\n\n<p>De igual forma, Riquelme Sol\u00eds expres\u00f3 el orgullo porque Torre\u00f3n hoy se encuentre en una tapa de estabilidad, crecimiento y certidumbre. En ese sentido, reconoci\u00f3 el proyecto y el trabajo del gobernador Manolo Jim\u00e9nez, que ha permitido consolidar las condiciones de seguridad, impulsar la obra p\u00fablica, ampliar los programas sociales y generar mayores oportunidades para la gente.<\/p>\n\n\n\n<p>El alcalde extendi\u00f3 el reconocimiento a quienes han contribuido al desarrollo de Torre\u00f3n, a los empresarios, las organizaciones de la sociedad civil, a las instituciones educativas, y las administraciones municipales que dejaron huella. As\u00ed como de manera especial, a las Fuerzas Armadas y a todas las corporaciones de seguridad estatales y municipales. \u201cHoy torre\u00f3n tiene rumbo, certeza, y condiciones para continuar por el camino hacia el mejor de los destinos\u201d.<\/p>\n\n\n\n<p>Estuvieron presentes tambi\u00e9n el general de divisi\u00f3n de Estado Mayor, Fernando Colchado G\u00f3mez, comandante de la XI regi\u00f3n militar; al general brigadier de la Guardia Nacional Francisco Acu\u00f1a D\u00edaz, coordinador estatal de la guardia Nacional; general Omar Le\u00f3n Arroyo, comandante del Mando especial en la Laguna; comandante H\u00e9ctor Flores Rodr\u00edguez, subsecretario de operaci\u00f3n policial en el estado de Coahuila; Luis Jorge Cuerda Serna, primer regidor; Eduardo Olmos Castro, secretario del ayuntamiento; Yeska Garza, magistrada del Poder Judicial en el estado; y Hugo D\u00e1vila Prado, secretario de desarrollo social en la Laguna.<\/p>\n","protected":false},"excerpt":{"rendered":"<p>Torre\u00f3n, Coahuila de Zaragoza; 01 de septiembre de 2026. \u2013 Este martes comenzaron las actividades conmemorativas del mes patrio, con la ceremonia de Izamiento de la Bandera Nacional y la Lectura del Bando Solemne, en la explanada de la Plaza Mayor. Asimismo, el alcalde Miguel \u00c1ngel Riquelme Sol\u00eds dio lectura al Decreto de la Fundaci\u00f3n [&hellip;]<\/p>\n","protected":false},"author":1,"featured_media":32373,"comment_status":"open","ping_status":"open","sticky":false,"template":"","format":"standard","meta":{"_monsterinsights_skip_tracking":false,"footnotes":""},"categories":[1],"tags":[],"_links":{"self":[{"href":"https:\/\/zonalimitrofe-cbnr.com\/index.php\/wp-json\/wp\/v2\/posts\/32372"}],"collection":[{"href":"https:\/\/zonalimitrofe-cbnr.com\/index.php\/wp-json\/wp\/v2\/posts"}],"about":[{"href":"https:\/\/zonalimitrofe-cbnr.com\/index.php\/wp-json\/wp\/v2\/types\/post"}],"author":[{"embeddable":true,"href":"https:\/\/zonalimitrofe-cbnr.com\/index.php\/wp-json\/wp\/v2\/users\/1"}],"replies":[{"embeddable":true,"href":"https:\/\/zonalimitrofe-cbnr.com\/index.php\/wp-json\/wp\/v2\/comments?post=32372"}],"version-history":[{"count":1,"href":"https:\/\/zonalimitrofe-cbnr.com\/index.php\/wp-json\/wp\/v2\/posts\/32372\/revisions"}],"predecessor-version":[{"id":32374,"href":"https:\/\/zonalimitrofe-cbnr.com\/index.php\/wp-json\/wp\/v2\/posts\/32372\/revisions\/32374"}],"wp:featuredmedia":[{"embeddable":true,"href":"https:\/\/zonalimitrofe-cbnr.com\/index.php\/wp-json\/wp\/v2\/media\/32373"}],"wp:attachment":[{"href":"https:\/\/zonalimitrofe-cbnr.com\/index.php\/wp-json\/wp\/v2\/media?parent=32372"}],"wp:term":[{"taxonomy":"category","embeddable":true,"href":"https:\/\/zonalimitrofe-cbnr.com\/index.php\/wp-json\/wp\/v2\/categories?post=32372"},{"taxonomy":"post_tag","embeddable":true,"href":"https:\/\/zonalimitrofe-cbnr.com\/index.php\/wp-json\/wp\/v2\/tags?post=32372"}],"curies":[{"name":"wp","href":"https:\/\/api.w.org\/{rel}","templated":true}]}}