{"id":32360,"date":"2026-09-01T08:49:59","date_gmt":"2026-09-01T14:49:59","guid":{"rendered":"https:\/\/zonalimitrofe-cbnr.com\/?p=32360"},"modified":"2026-09-01T08:50:00","modified_gmt":"2026-09-01T14:50:00","slug":"gp-betzabe-invita-a-los-gomezpalatinos-a-celebrar-en-grito-y-disfrutar-del-conjunto-primavera","status":"publish","type":"post","link":"https:\/\/zonalimitrofe-cbnr.com\/index.php\/2026\/09\/01\/gp-betzabe-invita-a-los-gomezpalatinos-a-celebrar-en-grito-y-disfrutar-del-conjunto-primavera\/","title":{"rendered":"#GP. Betzab\u00e9 invita a los gomezpalatinos a celebrar en Grito y disfrutar del Conjunto Primavera*"},"content":{"rendered":"\n<ul>\n<li>Reafirma su compromiso de cercan\u00eda social y trabajo en territorio por lo que la noche del 15 de septiembre participar\u00e1 en la verbena popular en la Plaza de Armas<\/li>\n<\/ul>\n\n\n\n<p>Betzab\u00e9 Mart\u00ednez Arango anunci\u00f3 que ser\u00e1 Conjunto Primavera quien amenice la celebraci\u00f3n del Grito de Independencia, este pr\u00f3ximo 15 de septiembre.<\/p>\n\n\n\n<p>En lo que ser\u00e1 su segunda celebracion de las fiestas patrias al frente de la comuna gomezpalatina, la Alcaldesa manifest\u00f3 que, como es tradici\u00f3n, se espera una gran concentraci\u00f3n de familias y ciudadanos en la explanada de la Presidencia Municipal para tomar parte en el acto c\u00edvico que marcar\u00e1 el aniversario 216 del inicio de la Guerra de Independencia.<\/p>\n\n\n\n<p>La cita es a las 6:30 de la tarde y para esta fiesta c\u00edvica y popular se habr\u00e1n de tomar todas las previsiones necesarias a fin de que los asistentes puedan disfrutar de un memorable momento de fervor nacionalista y de sana convivencia.<\/p>\n\n\n\n<p>Para ello, se contar\u00e1 con el apoyo y participaci\u00f3n del Ej\u00e9rcito Mexicano, de la Guardia Nacional y demas corporaciones de seguridad para el desarrollo del acto solemne y tambi\u00e9n para colaborar con la prevenci\u00f3n de cualquier incidente o percance.<\/p>\n\n\n\n<p>Adelant\u00f3 que, al igual que el a\u00f1o pasado no habr\u00e1 celebraci\u00f3n ni brindis privado en el Auditorio Benito Ju\u00e1rez y, de nueva cuenta, ella, los integrantes del Cabildo y su equipo de trabajo se desplazar\u00e1n a la Plaza de Armas de la ciudad mientras se celebra el concierto de Primavera para convivir directamente con el pueblo, departiendo de manera amistosa y personal con la ciudadan\u00eda en una verbena que incluir\u00e1 el disfrute de elotes, aguas frescas y dem\u00e1s antojitos.<\/p>\n\n\n\n<p>As\u00ed, la Presidenta Municipal reitera su compromiso de cercan\u00eda con la gente y con hacer de G\u00f3mez Palacio el Coraz\u00f3n de la Transformaci\u00f3n, por lo que convoca a la poblaci\u00f3n a estar atenta a esta invitaci\u00f3n y a ce\u00f1irse a las recomendaciones que se emitan por parte de la Secretar\u00eda del Ayuntamiento, la Direcci\u00f3n de Seguridad y Protecci\u00f3n Ciudadana y el \u00e1rea de Protecci\u00f3n Civil.<\/p>\n","protected":false},"excerpt":{"rendered":"<p>Betzab\u00e9 Mart\u00ednez Arango anunci\u00f3 que ser\u00e1 Conjunto Primavera quien amenice la celebraci\u00f3n del Grito de Independencia, este pr\u00f3ximo 15 de septiembre. En lo que ser\u00e1 su segunda celebracion de las fiestas patrias al frente de la comuna gomezpalatina, la Alcaldesa manifest\u00f3 que, como es tradici\u00f3n, se espera una gran concentraci\u00f3n de familias y ciudadanos en [&hellip;]<\/p>\n","protected":false},"author":1,"featured_media":32361,"comment_status":"open","ping_status":"open","sticky":false,"template":"","format":"standard","meta":{"_monsterinsights_skip_tracking":false,"footnotes":""},"categories":[1],"tags":[],"_links":{"self":[{"href":"https:\/\/zonalimitrofe-cbnr.com\/index.php\/wp-json\/wp\/v2\/posts\/32360"}],"collection":[{"href":"https:\/\/zonalimitrofe-cbnr.com\/index.php\/wp-json\/wp\/v2\/posts"}],"about":[{"href":"https:\/\/zonalimitrofe-cbnr.com\/index.php\/wp-json\/wp\/v2\/types\/post"}],"author":[{"embeddable":true,"href":"https:\/\/zonalimitrofe-cbnr.com\/index.php\/wp-json\/wp\/v2\/users\/1"}],"replies":[{"embeddable":true,"href":"https:\/\/zonalimitrofe-cbnr.com\/index.php\/wp-json\/wp\/v2\/comments?post=32360"}],"version-history":[{"count":1,"href":"https:\/\/zonalimitrofe-cbnr.com\/index.php\/wp-json\/wp\/v2\/posts\/32360\/revisions"}],"predecessor-version":[{"id":32362,"href":"https:\/\/zonalimitrofe-cbnr.com\/index.php\/wp-json\/wp\/v2\/posts\/32360\/revisions\/32362"}],"wp:featuredmedia":[{"embeddable":true,"href":"https:\/\/zonalimitrofe-cbnr.com\/index.php\/wp-json\/wp\/v2\/media\/32361"}],"wp:attachment":[{"href":"https:\/\/zonalimitrofe-cbnr.com\/index.php\/wp-json\/wp\/v2\/media?parent=32360"}],"wp:term":[{"taxonomy":"category","embeddable":true,"href":"https:\/\/zonalimitrofe-cbnr.com\/index.php\/wp-json\/wp\/v2\/categories?post=32360"},{"taxonomy":"post_tag","embeddable":true,"href":"https:\/\/zonalimitrofe-cbnr.com\/index.php\/wp-json\/wp\/v2\/tags?post=32360"}],"curies":[{"name":"wp","href":"https:\/\/api.w.org\/{rel}","templated":true}]}}