{"id":32357,"date":"2026-08-31T12:47:34","date_gmt":"2026-08-31T18:47:34","guid":{"rendered":"https:\/\/zonalimitrofe-cbnr.com\/?p=32357"},"modified":"2026-08-31T12:47:35","modified_gmt":"2026-08-31T18:47:35","slug":"torreon-la-educacion-transforma-vidas-y-contribuye-a-la-construccion-de-un-mejor-futuro-mars","status":"publish","type":"post","link":"https:\/\/zonalimitrofe-cbnr.com\/index.php\/2026\/08\/31\/torreon-la-educacion-transforma-vidas-y-contribuye-a-la-construccion-de-un-mejor-futuro-mars\/","title":{"rendered":"#Torre\u00f3n. LA EDUCACI\u00d3N TRANSFORMA VIDAS Y CONTRIBUYE A LA CONSTRUCCI\u00d3N DE UN MEJOR FUTURO: MARS"},"content":{"rendered":"\n<p>+Arranca en Torre\u00f3n el ciclo escolar 2026-2027 con la entrega de paquetes de \u00fatiles escolares, libros de textos y mochilas<\/p>\n\n\n\n<p>Torre\u00f3n, Coahuila de Zaragoza; 31 de agosto de 2026.- El alcalde Miguel \u00c1ngel Riquelme Sol\u00eds y Hugo D\u00e1vila Prado, representante del gobernador Manolo Jim\u00e9nez Salinas, arrancaron este lunes en Torre\u00f3n,<\/p>\n\n\n\n<p>el ciclo escolar 2026-2027 con la entrega de \u00fatiles escolares, libros de texto y mochilas, en beneficio de m\u00e1s de 90 mil ni\u00f1os del municipio.<\/p>\n\n\n\n<p>Desde la escuela primaria \u201cVicente Guerrero\u201d, el presidente municipal dio la bienvenida a los alumnos de los 493 planteles de educaci\u00f3n b\u00e1sica, educaci\u00f3n especial, preescolar, primaria, secundaria y telesecundaria con que cuenta el municipio.<\/p>\n\n\n\n<p>El edil expres\u00f3 su deseo de que este sea un nuevo ciclo escolar lleno de sue\u00f1os, retos y oportunidades para los alumnos, padres de familia y docentes. \u201cEste d\u00eda regresan al lugar donde se construyen los sue\u00f1os, porque en la escuela es donde aprendemos a leer, escribir, convivir, a respetar, a compartir y a ser mejores personas. En cada sal\u00f3n de clases hay una oportunidad de transformar vidas porque la educaci\u00f3n es una herramienta para poder construir un mejor futuro\u201d.<\/p>\n\n\n\n<p>En ese sentido, Riquelme Sol\u00eds destac\u00f3 el esfuerzo del Gobierno del Estado por los programas de impulso educativo. La entrega de paquetes de \u00fatiles escolares, por ejemplo, hoy se realiza de manera simult\u00e1nea en los 38 municipios de Coahuila.<\/p>\n\n\n\n<p>Adem\u00e1s de los paquetes de \u00fatiles escolares y mochilas, se hizo la entrega simb\u00f3lica de equipamiento escolar, con la que el Gobierno del Estado y la Administraci\u00f3n Municipal refrendan su compromiso con la educaci\u00f3n, y con brindar a las y los alumnos condiciones dignas para lo que ser\u00e1n las bases de su desarrollo profesional.<\/p>\n\n\n\n<p>En Torre\u00f3n se entregan 92 mil 462 paquetes de \u00fatiles escolares por parte del Gobierno del Estado, y desde el Gobierno Municipal se entregar\u00e1n mochilas a todas las alumnas y alumnos de educaci\u00f3n<\/p>\n\n\n\n<p>primaria. \u201cPorque invertir en la educaci\u00f3n es invertir en el futuro de nuestra ciudad\u201d, reiter\u00f3 el edil.<\/p>\n\n\n\n<p>Adem\u00e1s, el presidente municipal resalt\u00f3 que la seguridad es otro de los factores prioritarios para el desarrollo de Torre\u00f3n y de Coahuila, debido a que gracias a que son uno de los municipios y estados m\u00e1s seguros del pa\u00eds, es que las ni\u00f1as, ni\u00f1os y j\u00f3venes pueden salir a estudiar con tranquilidad y los padres de familia pueden tambi\u00e9n dejarlos con la certeza de que estar\u00e1n protegidos.<\/p>\n\n\n\n<p>Desde esa visi\u00f3n integral del gobernador Manolo Jim\u00e9nez, de educaci\u00f3n y seguridad, el alcalde refrend\u00f3 la colaboraci\u00f3n del Municipio y el trabajo en equipo. \u201cQueremos que cada estudiante de Torre\u00f3n pueda crecer con tranquilidad, confianza y oportunidades. Juntos, autoridades, docentes, padres de familia y ciudadan\u00eda, \u00a1Vamos Seguros! hacia un mejor futuro.<\/p>\n\n\n\n<p>Estuvieron tambi\u00e9n Ver\u00f3nica Mart\u00ednez Garc\u00eda; Diputada Federal; Felipe Gonz\u00e1lez Miranda, Diputado Local; Jos\u00e9 In\u00e9s S\u00e1nchez Aguilar, Coordinador Operativo de MEJORA en Torre\u00f3n; H\u00e9ctor Iv\u00e1n Estrada Baca, director de Desarrollo Social; Flor Estela Renter\u00eda Medina, Coordinadora de Servicios Educativos para la Regi\u00f3n Laguna; Jos\u00e9 \u00c1lvaro Rodr\u00edguez Garc\u00eda, subdirector; y Olivia Mart\u00ednez Leyva, Diputada Local.<\/p>\n","protected":false},"excerpt":{"rendered":"<p>+Arranca en Torre\u00f3n el ciclo escolar 2026-2027 con la entrega de paquetes de \u00fatiles escolares, libros de textos y mochilas Torre\u00f3n, Coahuila de Zaragoza; 31 de agosto de 2026.- El alcalde Miguel \u00c1ngel Riquelme Sol\u00eds y Hugo D\u00e1vila Prado, representante del gobernador Manolo Jim\u00e9nez Salinas, arrancaron este lunes en Torre\u00f3n, el ciclo escolar 2026-2027 con [&hellip;]<\/p>\n","protected":false},"author":1,"featured_media":32358,"comment_status":"open","ping_status":"open","sticky":false,"template":"","format":"standard","meta":{"_monsterinsights_skip_tracking":false,"footnotes":""},"categories":[1],"tags":[],"_links":{"self":[{"href":"https:\/\/zonalimitrofe-cbnr.com\/index.php\/wp-json\/wp\/v2\/posts\/32357"}],"collection":[{"href":"https:\/\/zonalimitrofe-cbnr.com\/index.php\/wp-json\/wp\/v2\/posts"}],"about":[{"href":"https:\/\/zonalimitrofe-cbnr.com\/index.php\/wp-json\/wp\/v2\/types\/post"}],"author":[{"embeddable":true,"href":"https:\/\/zonalimitrofe-cbnr.com\/index.php\/wp-json\/wp\/v2\/users\/1"}],"replies":[{"embeddable":true,"href":"https:\/\/zonalimitrofe-cbnr.com\/index.php\/wp-json\/wp\/v2\/comments?post=32357"}],"version-history":[{"count":1,"href":"https:\/\/zonalimitrofe-cbnr.com\/index.php\/wp-json\/wp\/v2\/posts\/32357\/revisions"}],"predecessor-version":[{"id":32359,"href":"https:\/\/zonalimitrofe-cbnr.com\/index.php\/wp-json\/wp\/v2\/posts\/32357\/revisions\/32359"}],"wp:featuredmedia":[{"embeddable":true,"href":"https:\/\/zonalimitrofe-cbnr.com\/index.php\/wp-json\/wp\/v2\/media\/32358"}],"wp:attachment":[{"href":"https:\/\/zonalimitrofe-cbnr.com\/index.php\/wp-json\/wp\/v2\/media?parent=32357"}],"wp:term":[{"taxonomy":"category","embeddable":true,"href":"https:\/\/zonalimitrofe-cbnr.com\/index.php\/wp-json\/wp\/v2\/categories?post=32357"},{"taxonomy":"post_tag","embeddable":true,"href":"https:\/\/zonalimitrofe-cbnr.com\/index.php\/wp-json\/wp\/v2\/tags?post=32357"}],"curies":[{"name":"wp","href":"https:\/\/api.w.org\/{rel}","templated":true}]}}