{"id":32342,"date":"2026-08-30T18:21:54","date_gmt":"2026-08-31T00:21:54","guid":{"rendered":"https:\/\/zonalimitrofe-cbnr.com\/?p=32342"},"modified":"2026-08-30T18:21:55","modified_gmt":"2026-08-31T00:21:55","slug":"torreon-mars-anuncia-operativos-para-un-septiembre-seguro","status":"publish","type":"post","link":"https:\/\/zonalimitrofe-cbnr.com\/index.php\/2026\/08\/30\/torreon-mars-anuncia-operativos-para-un-septiembre-seguro\/","title":{"rendered":"#Torre\u00f3n. MARS ANUNCIA OPERATIVOS PARA UN SEPTIEMBRE SEGURO"},"content":{"rendered":"\n<ul>\n<li>\u00a1Vamos Seguros! Se desplegar\u00e1 un dispositivo de seguridad, vialidad y protecci\u00f3n civil para la protecci\u00f3n ciudadana durante los eventos en la ciudad<\/li>\n<\/ul>\n\n\n\n<p>Torre\u00f3n Coahuila; 29 de agosto de 2026.- Al t\u00e9rmino de la reuni\u00f3n de evaluaci\u00f3n de seguridad correspondiente a la semana 34, el alcalde Miguel \u00c1ngel Riquelme Sol\u00eds anunci\u00f3 los operativos que se desplegar\u00e1n en diferentes espacios de la ciudad con motivo de los festejos patrios. Asimismo, inform\u00f3 los avances y resultados de las acciones puestas en marcha por su Administraci\u00f3n, relacionados a temas de movilidad, orden urbano y limpieza de espacios p\u00fablicos.<\/p>\n\n\n\n<p>En el marco de los festejos patrios que inician desde el martes 1 de septiembre con la Lectura del Bando Solemne, el presidente municipal indic\u00f3 que se tiene preparado un operativo especial de seguridad, movilidad, vialidad y protecci\u00f3n civil, para que quienes asisten a los eventos y actividades programadas puedan disfrutar en un ambiente familiar, de orden y de sana convivencia.<\/p>\n\n\n\n<p>Para uno de los eventos de mayor concentraci\u00f3n de personas, el Grito de Independencia, se contar\u00e1 con la presentaci\u00f3n del cantante Alfredo Olivas, por lo cual habr\u00e1 un esquema de seguridad y vialidad al entorno de la Plaza Mayor. De igual forma, para el desfile c\u00edvico-militar del 16 de septiembre, se montar\u00e1 un operativo especial de movilidad, seguridad vial y protecci\u00f3n civil.<\/p>\n\n\n\n<p>Riquelme Sol\u00eds reiter\u00f3 la invitaci\u00f3n a la ciudadan\u00eda al concierto de Alfredo Olivas, as\u00ed como a la dem\u00e1s actividades y presentaciones que habr\u00e1 en la ciudad, como es tambi\u00e9n el inicio de la tradicional Feria de Torre\u00f3n que ser\u00e1 el pr\u00f3ximo viernes 4 de septiembre.<\/p>\n\n\n\n<p>Para la Feria, inform\u00f3 que se mantendr\u00e1 un dispositivo de seguridad permanente conformado por 200 elementos, adem\u00e1s de la presencia de Tr\u00e1nsito y Vialidad en horarios estrat\u00e9gicos, y la coordinaci\u00f3n con Protecci\u00f3n Civil y el propio Consejo de la Feria.<\/p>\n\n\n\n<p>\u201cEl prop\u00f3sito es mantener el orden y salvaguardar a las familias que acuden a estos espacios. En Torre\u00f3n las condiciones de seguridad nos permiten llevar a cabo eventos de gran convocatoria y contamos con el respaldo y la confianza de la gente, por lo cual, el compromiso de mi Administraci\u00f3n est\u00e1 en cuidar la integridad todas y todos\u201d, extern\u00f3 el edil.<\/p>\n\n\n\n<p>El alcalde se\u00f1al\u00f3 adem\u00e1s que otro de los factores que se cuidar\u00e1n para proteger a la ciudadan\u00eda y evitar riesgos y da\u00f1os a integridad de la poblaci\u00f3n, ser\u00e1 el uso de pirotecnia, sobre todo para la noche del Grito de Independencia. Dijo que el Municipio colaborar\u00e1 en esta materia, con la Secretar\u00eda de la Defensa Nacional (SEDENA).<\/p>\n\n\n\n<p>Asimismo, el presidente municipal abord\u00f3 los operativos que habr\u00e1 en la ciudad y los que se intensificar\u00e1n a partir del pr\u00f3ximo lunes, como el de vialidad por el regreso a clases, el cual inici\u00f3 desde hace dos semanas paulatinamente en los planteles que iniciaron su ciclo escolar, y que este pr\u00f3ximo lunes se fortalecer\u00e1 con el ingreso del resto de los alumnos.<\/p>\n\n\n\n<p>El alcalde destac\u00f3 tambi\u00e9n la presencia vial que se intensificar\u00e1 debido a los ajustes de rutas por el avance de la obra Revoluci\u00f3n -Vasconcelos, tambi\u00e9n a partir del pr\u00f3ximo lunes, as\u00ed como los resultados hasta el momento del operativo limpieza en el Centro Hist\u00f3rico, el cual solo en veh\u00edculos chatarra se han retirado 243; y el de seguridad para el partido Santos contra Tigres de este s\u00e1bado, entre otros de inter\u00e9s para mantener el orden en Torre\u00f3n.<\/p>\n","protected":false},"excerpt":{"rendered":"<p>Torre\u00f3n Coahuila; 29 de agosto de 2026.- Al t\u00e9rmino de la reuni\u00f3n de evaluaci\u00f3n de seguridad correspondiente a la semana 34, el alcalde Miguel \u00c1ngel Riquelme Sol\u00eds anunci\u00f3 los operativos que se desplegar\u00e1n en diferentes espacios de la ciudad con motivo de los festejos patrios. Asimismo, inform\u00f3 los avances y resultados de las acciones puestas [&hellip;]<\/p>\n","protected":false},"author":1,"featured_media":32343,"comment_status":"open","ping_status":"open","sticky":false,"template":"","format":"standard","meta":{"_monsterinsights_skip_tracking":false,"footnotes":""},"categories":[1],"tags":[],"_links":{"self":[{"href":"https:\/\/zonalimitrofe-cbnr.com\/index.php\/wp-json\/wp\/v2\/posts\/32342"}],"collection":[{"href":"https:\/\/zonalimitrofe-cbnr.com\/index.php\/wp-json\/wp\/v2\/posts"}],"about":[{"href":"https:\/\/zonalimitrofe-cbnr.com\/index.php\/wp-json\/wp\/v2\/types\/post"}],"author":[{"embeddable":true,"href":"https:\/\/zonalimitrofe-cbnr.com\/index.php\/wp-json\/wp\/v2\/users\/1"}],"replies":[{"embeddable":true,"href":"https:\/\/zonalimitrofe-cbnr.com\/index.php\/wp-json\/wp\/v2\/comments?post=32342"}],"version-history":[{"count":1,"href":"https:\/\/zonalimitrofe-cbnr.com\/index.php\/wp-json\/wp\/v2\/posts\/32342\/revisions"}],"predecessor-version":[{"id":32344,"href":"https:\/\/zonalimitrofe-cbnr.com\/index.php\/wp-json\/wp\/v2\/posts\/32342\/revisions\/32344"}],"wp:featuredmedia":[{"embeddable":true,"href":"https:\/\/zonalimitrofe-cbnr.com\/index.php\/wp-json\/wp\/v2\/media\/32343"}],"wp:attachment":[{"href":"https:\/\/zonalimitrofe-cbnr.com\/index.php\/wp-json\/wp\/v2\/media?parent=32342"}],"wp:term":[{"taxonomy":"category","embeddable":true,"href":"https:\/\/zonalimitrofe-cbnr.com\/index.php\/wp-json\/wp\/v2\/categories?post=32342"},{"taxonomy":"post_tag","embeddable":true,"href":"https:\/\/zonalimitrofe-cbnr.com\/index.php\/wp-json\/wp\/v2\/tags?post=32342"}],"curies":[{"name":"wp","href":"https:\/\/api.w.org\/{rel}","templated":true}]}}