{"id":3192,"date":"2024-03-21T16:48:27","date_gmt":"2024-03-21T22:48:27","guid":{"rendered":"https:\/\/zonalimitrofe-cbnr.com\/?p=3192"},"modified":"2024-03-21T16:48:27","modified_gmt":"2024-03-21T22:48:27","slug":"coahuila-exhorta-el-gobierno-de-coahuila-a-la-poblacion-a-sumarse-a-la-hora-del-planeta","status":"publish","type":"post","link":"https:\/\/zonalimitrofe-cbnr.com\/index.php\/2024\/03\/21\/coahuila-exhorta-el-gobierno-de-coahuila-a-la-poblacion-a-sumarse-a-la-hora-del-planeta\/","title":{"rendered":"#Coahuila. EXHORTA EL GOBIERNO DE COAHUILA A LA POBLACI\u00d3N A SUMARSE A LA HORA DEL PLANETA"},"content":{"rendered":"\n<ul>\n<li>Con el apagado de luces este s\u00e1bado entre las 20:30 y las 21:30 horas<\/li>\n<\/ul>\n\n\n\n<p>Saltillo, Coahuila de Zaragoza, a 21 de marzo de 2024.- Con el prop\u00f3sito de crear conciencia sobre los efectos del cambio clim\u00e1tico; promover la participaci\u00f3n ciudadana y el compromiso por el cuidado del planeta, el Gobierno del Estado, exhorta a la poblaci\u00f3n a sumarse a La Hora del Planeta, este s\u00e1bado 23 de marzo.<\/p>\n\n\n\n<p>La Secretaria de Medio Ambiente (SMA) en Coahuila, Diana Susana Estens de la Garza, inform\u00f3 que el acontecimiento mundial tendr\u00e1 lugar entre las 20:30 y las 21:30 horas, con el apagado de la corriente el\u00e9ctrica en inmuebles, p\u00fablicos y privados.<\/p>\n\n\n\n<p>La servidora p\u00fablica estatal, record\u00f3 que La Hora del Planeta, surgi\u00f3 en Sidney, Australia, en 2007, a iniciativa del Fondo Mundial por la Naturaleza (WWF), por sus siglas en ingl\u00e9s.<\/p>\n\n\n\n<p>Lo anterior, agreg\u00f3, como gesto simb\u00f3lico para llamar la atenci\u00f3n sobre el problema del cambio clim\u00e1tico, por lo que sugiri\u00f3 que se realice a trav\u00e9s del apagado de luces durante 60 minutos en edificios p\u00fablicos y monumentos, as\u00ed como de inmuebles particulares.<\/p>\n\n\n\n<p>De acuerdo a este organismo internacional, a\u00f1adi\u00f3 Estens de la Garza, a 17 a\u00f1os de su creaci\u00f3n La Hora del Planeta moviliza a millones de personas en alrededor de 200 pa\u00edses, durante una hora de cada pen\u00faltimo s\u00e1bado del mes de marzo.<\/p>\n\n\n\n<p>En Coahuila, los edificios de dependencias e instituciones de los tres \u00f3rdenes de gobierno, desconectar\u00e1n el suministro de energ\u00eda el\u00e9ctrica en sus instalaciones.<\/p>\n\n\n\n<p>De esta manera, refiri\u00f3, se suma a la iniciativa global, y conmina a la poblaci\u00f3n a integrarse para crear conciencia sobre los efectos del cambio clim\u00e1tico; se promueve la participaci\u00f3n ciudadana y el cuidado del planeta.<\/p>\n\n\n\n<p>INMUEBLES P\u00daBLICOS DONDE SE APLICAR\u00c1 LA HORA DEL PLANETA:<\/p>\n\n\n\n<p>En Parras de la Fuente, la Presidencia Municipal y el edificio que ocup\u00f3 anteriormente el Ayuntamiento; la Alameda y la Casa del Abuelo.<\/p>\n\n\n\n<p>Mientras que en Saltillo, la Plaza M\u00e9xico; el Archivo Municipal; el Ateneo Fuente y la sede de la Rector\u00eda de la Universidad Aut\u00f3noma de Coahuila; Palacio de Gobierno; el Congreso del Estado; el Instituto Tecnol\u00f3gico de Saltillo y la Presidencia Municipal.<\/p>\n\n\n\n<p>En tanto, en Ciudad Acu\u00f1a, la Presidencia Municipal; el Gimnasio La Fe; la Pista de Atletismo; el Polideportivo del Libramiento Emilio Mendoza; la Escuela de artes y el Museo del Antiguo Cuartel Militar.<\/p>\n\n\n\n<p>Por otra parte, en Arteaga la Presidencia Municipal, y en Ramos Arizpe tambi\u00e9n el edificio sede del Ayuntamiento y la Plaza Principal.<\/p>\n","protected":false},"excerpt":{"rendered":"<p>Saltillo, Coahuila de Zaragoza, a 21 de marzo de 2024.- Con el prop\u00f3sito de crear conciencia sobre los efectos del cambio clim\u00e1tico; promover la participaci\u00f3n ciudadana y el compromiso por el cuidado del planeta, el Gobierno del Estado, exhorta a la poblaci\u00f3n a sumarse a La Hora del Planeta, este s\u00e1bado 23 de marzo. La [&hellip;]<\/p>\n","protected":false},"author":1,"featured_media":3193,"comment_status":"open","ping_status":"open","sticky":false,"template":"","format":"standard","meta":{"_monsterinsights_skip_tracking":false,"_monsterinsights_sitenote_active":false,"_monsterinsights_sitenote_note":"","_monsterinsights_sitenote_category":0,"footnotes":""},"categories":[1],"tags":[],"_links":{"self":[{"href":"https:\/\/zonalimitrofe-cbnr.com\/index.php\/wp-json\/wp\/v2\/posts\/3192"}],"collection":[{"href":"https:\/\/zonalimitrofe-cbnr.com\/index.php\/wp-json\/wp\/v2\/posts"}],"about":[{"href":"https:\/\/zonalimitrofe-cbnr.com\/index.php\/wp-json\/wp\/v2\/types\/post"}],"author":[{"embeddable":true,"href":"https:\/\/zonalimitrofe-cbnr.com\/index.php\/wp-json\/wp\/v2\/users\/1"}],"replies":[{"embeddable":true,"href":"https:\/\/zonalimitrofe-cbnr.com\/index.php\/wp-json\/wp\/v2\/comments?post=3192"}],"version-history":[{"count":1,"href":"https:\/\/zonalimitrofe-cbnr.com\/index.php\/wp-json\/wp\/v2\/posts\/3192\/revisions"}],"predecessor-version":[{"id":3194,"href":"https:\/\/zonalimitrofe-cbnr.com\/index.php\/wp-json\/wp\/v2\/posts\/3192\/revisions\/3194"}],"wp:featuredmedia":[{"embeddable":true,"href":"https:\/\/zonalimitrofe-cbnr.com\/index.php\/wp-json\/wp\/v2\/media\/3193"}],"wp:attachment":[{"href":"https:\/\/zonalimitrofe-cbnr.com\/index.php\/wp-json\/wp\/v2\/media?parent=3192"}],"wp:term":[{"taxonomy":"category","embeddable":true,"href":"https:\/\/zonalimitrofe-cbnr.com\/index.php\/wp-json\/wp\/v2\/categories?post=3192"},{"taxonomy":"post_tag","embeddable":true,"href":"https:\/\/zonalimitrofe-cbnr.com\/index.php\/wp-json\/wp\/v2\/tags?post=3192"}],"curies":[{"name":"wp","href":"https:\/\/api.w.org\/{rel}","templated":true}]}}