{"id":3177,"date":"2024-03-21T16:29:48","date_gmt":"2024-03-21T22:29:48","guid":{"rendered":"https:\/\/zonalimitrofe-cbnr.com\/?p=3177"},"modified":"2024-03-21T16:29:48","modified_gmt":"2024-03-21T22:29:48","slug":"durango-a-traves-de-filmaciones-de-diaz-a-caballo-durango-muestra-sus-maravillas","status":"publish","type":"post","link":"https:\/\/zonalimitrofe-cbnr.com\/index.php\/2024\/03\/21\/durango-a-traves-de-filmaciones-de-diaz-a-caballo-durango-muestra-sus-maravillas\/","title":{"rendered":"#Durango.A trav\u00e9s de filmaciones de \u201cD\u00edaz a Caballo\u201d, Durango muestra sus maravillas"},"content":{"rendered":"\n<p>Al recordar que Durango celebra los 70 a\u00f1os de la llegada de la primera pel\u00edcula western, la Secretaria de Turismo, dio la bienvenida y agradeci\u00f3 la visita del actor Aar\u00f3n D\u00edaz, quien ha sido gran promotor de M\u00e9xico y ahora de Durango, donde integra a la entidad a su proyecto llamado \u201cD\u00edaz a Caballo\u201d.  Al ser un estado ganadero y con una historia del western, no se pudo escoger un mejor lugar para que se pudiera filmar, dijo el actor. \u201cEstoy segura que este tema que se trabajar\u00e1 aqu\u00ed en Durango en este Paseo del Viejo Oeste, nos ayudar\u00e1 a que m\u00e1s gente conozca las riquezas de Durango, no solamente en el \u00e1mbito cinematogr\u00e1fico, sino tambi\u00e9n en otras \u00e1reas, que es lo que Aar\u00f3n busca hacer, darle promoci\u00f3n a los estados de nuestro pa\u00eds\u201d.<\/p>\n\n\n\n<p>Aar\u00f3n D\u00edaz, manifest\u00f3 que como productor y contador de historias, es un privilegio poder venir a un lugar tan ic\u00f3nico como \u00e9ste, que est\u00e1 en perfecto estado para poder seguir filmando constantemente, comparti\u00f3 que a trav\u00e9s de \u201cD\u00edaz a Caballo\u201d sigue mostrando las maravillas que tiene M\u00e9xico para ofrecer.<\/p>\n\n\n\n<p>\u201cEstamos como ni\u00f1os en Disneyland, no, como ni\u00f1os en el Viejo Oeste, y felices porque estamos capturando cosas maravillosas que pronto podremos compartir con toda la gente que nos vaya a ver, muchas gracias por abrirme las puertas, Durango es espectacular; amo mi pa\u00eds, estoy haciendo un proyecto donde estoy girando por M\u00e9xico mostrando las maravillas que tenemos, cada estado tiene magia y este lugar ha sido conocido a trav\u00e9s de pel\u00edculas que hace 70 a\u00f1os empezaron a hacerlas ac\u00e1 y quiero poner mi granito de arena para que siga sucediendo a trav\u00e9s de historia contadas como en D\u00edaz a Caballo\u201d.<\/p>\n\n\n\n<p>Inform\u00f3 que est\u00e1 filmando en este momento la serie documental \u201cD\u00edaz a Caballo\u201d, y asegur\u00f3 que en Durango hay mucho de eso, \u201cdesde que llegamos a donde volteemos queremos filmar y contar la historia, estoy feliz de estar aqu\u00ed y con ganas de volver ya con muchas ideas m\u00e1s, este solamente es el primer paso, ya regresaremos a hacer una pel\u00edcula bien, con tiempo, lo que vamos a filmar en estos d\u00edas ya van a verlo y espero que encontremos mucha gente que se inspire en poder hacer este tipo de historias\u201d, agreg\u00f3.<\/p>\n\n\n\n<p>\u201cDurango est\u00e1 hermoso, vengan en familia, vengan a este parque tem\u00e1tico por ejemplo; mientras m\u00e1s viajo por este pa\u00eds, me doy cuenta que es maravilloso por donde voltees a verlo, muchas veces queremos ahorrar para irnos de viaje lej\u00edsimos al otro lado del mundo, pero, \u00bfYa conoces lo que tenemos ac\u00e1?, si t\u00fa te subes aqu\u00ed y viajas un par de horas vas a conocer un lugar aqu\u00ed mismo en el estado que no conoces, entonces es una invitaci\u00f3n a que la gente salga a conocer mejor de d\u00f3nde viene, es la forma de que nos sintamos orgullosos de quienes somos\u201d.<\/p>\n","protected":false},"excerpt":{"rendered":"<p>Al recordar que Durango celebra los 70 a\u00f1os de la llegada de la primera pel\u00edcula western, la Secretaria de Turismo, dio la bienvenida y agradeci\u00f3 la visita del actor Aar\u00f3n D\u00edaz, quien ha sido gran promotor de M\u00e9xico y ahora de Durango, donde integra a la entidad a su proyecto llamado \u201cD\u00edaz a Caballo\u201d. Al [&hellip;]<\/p>\n","protected":false},"author":1,"featured_media":3178,"comment_status":"open","ping_status":"open","sticky":false,"template":"","format":"standard","meta":{"_monsterinsights_skip_tracking":false,"_monsterinsights_sitenote_active":false,"_monsterinsights_sitenote_note":"","_monsterinsights_sitenote_category":0,"footnotes":""},"categories":[1],"tags":[],"_links":{"self":[{"href":"https:\/\/zonalimitrofe-cbnr.com\/index.php\/wp-json\/wp\/v2\/posts\/3177"}],"collection":[{"href":"https:\/\/zonalimitrofe-cbnr.com\/index.php\/wp-json\/wp\/v2\/posts"}],"about":[{"href":"https:\/\/zonalimitrofe-cbnr.com\/index.php\/wp-json\/wp\/v2\/types\/post"}],"author":[{"embeddable":true,"href":"https:\/\/zonalimitrofe-cbnr.com\/index.php\/wp-json\/wp\/v2\/users\/1"}],"replies":[{"embeddable":true,"href":"https:\/\/zonalimitrofe-cbnr.com\/index.php\/wp-json\/wp\/v2\/comments?post=3177"}],"version-history":[{"count":1,"href":"https:\/\/zonalimitrofe-cbnr.com\/index.php\/wp-json\/wp\/v2\/posts\/3177\/revisions"}],"predecessor-version":[{"id":3179,"href":"https:\/\/zonalimitrofe-cbnr.com\/index.php\/wp-json\/wp\/v2\/posts\/3177\/revisions\/3179"}],"wp:featuredmedia":[{"embeddable":true,"href":"https:\/\/zonalimitrofe-cbnr.com\/index.php\/wp-json\/wp\/v2\/media\/3178"}],"wp:attachment":[{"href":"https:\/\/zonalimitrofe-cbnr.com\/index.php\/wp-json\/wp\/v2\/media?parent=3177"}],"wp:term":[{"taxonomy":"category","embeddable":true,"href":"https:\/\/zonalimitrofe-cbnr.com\/index.php\/wp-json\/wp\/v2\/categories?post=3177"},{"taxonomy":"post_tag","embeddable":true,"href":"https:\/\/zonalimitrofe-cbnr.com\/index.php\/wp-json\/wp\/v2\/tags?post=3177"}],"curies":[{"name":"wp","href":"https:\/\/api.w.org\/{rel}","templated":true}]}}