{"id":3155,"date":"2024-03-21T12:31:01","date_gmt":"2024-03-21T18:31:01","guid":{"rendered":"https:\/\/zonalimitrofe-cbnr.com\/?p=3155"},"modified":"2024-03-21T12:31:02","modified_gmt":"2024-03-21T18:31:02","slug":"lerdo-conmemoran-el-natalicio-benito-juarez","status":"publish","type":"post","link":"https:\/\/zonalimitrofe-cbnr.com\/index.php\/2024\/03\/21\/lerdo-conmemoran-el-natalicio-benito-juarez\/","title":{"rendered":"#Lerdo. CONMEMORAN EL NATALICIO BENITO JUAREZ*"},"content":{"rendered":"\n<p><\/p>\n\n\n\n<p>Frente al monumento del Benem\u00e9rito de las Am\u00e9ricas en la plazuela Ju\u00e1rez, el Ayuntamiento de Lerdo, a trav\u00e9s de la direcci\u00f3n de Educaci\u00f3n y en coordinaci\u00f3n con el Instituto &#8220;Vasco de Quiroga&#8221;, desarroll\u00f3 este jueves 21 de marzo el acto c\u00edvico, colocaci\u00f3n de ofrenda y guardia de honor por el 218 aniversario del natalicio del Lic. Benito Ju\u00e1rez Garc\u00eda, presidente de M\u00e9xico entre 1858 &#8211; 1872.<\/p>\n\n\n\n<p>El juramento a la bandera estuvo a cargo del alumno Eduardo P\u00e9rez. El Himno Nacional fue interpretado por los alumnos Leonardo Garza y Diego Barrag\u00e1n. En seguida, todos los presentes entonaron el Himno de Durango al un\u00edsono.<\/p>\n\n\n\n<p>Las efem\u00e9rides de la semana estuvieron a cargo de la alumna Jacqueline L\u00f3pez, la rese\u00f1a hist\u00f3rica fue por parte del director del Instituto, Juan De Dios Castro, y el alumno Adri\u00e1n Garc\u00eda recit\u00f3 el poema a Benito Ju\u00e1rez. Tambi\u00e9n se present\u00f3 el grupo de danza folcl\u00f3rica con el baile &#8220;El Naranjo Del Estado De Nuevo Le\u00f3n&#8221;.<\/p>\n\n\n\n<p>Continuando con el orden del d\u00eda, el plantel educativo entreg\u00f3 un reconocimiento al alumno Roberto Gael Salazar Cruz, del cuarto semestre de preparatoria, por haber obteniendo el primer lugar en el Torneo Preuniversitario de Matem\u00e1ticas a nivel regional, organizado por la Universidad Aut\u00f3noma De Guadalajara.<\/p>\n\n\n\n<p>En representaci\u00f3n del Presidente Municipal Homero Mart\u00ednez Cabrera, se encontraba el Secretario del Ayuntamiento, Eduardo Lara Urby, quien se refiri\u00f3 a los acontecimientos m\u00e1s importantes en la historia de M\u00e9xico en los que Benito Ju\u00e1rez fue el principal benefactor; promoviendo el avance educativo con la creaci\u00f3n de escuelas tanto para ni\u00f1os como para ni\u00f1as, con la educaci\u00f3n primaria obligatoria y gratuita.<\/p>\n\n\n\n<p>As\u00ed como en la pol\u00edtica, con la instauraci\u00f3n de las Leyes de Reforma de 1860, en donde se destaca la separaci\u00f3n entre Iglesia y Estado, la nacionalizaci\u00f3n de los bienes del clero, extinci\u00f3n de las corporaciones eclesi\u00e1sticas, secularizaci\u00f3n de cementerios y fiestas c\u00edvicas, promulgaci\u00f3n de la libertad de culto.<\/p>\n\n\n\n<p>Simbolizando la esencia de estas leyes, la reconocida frase de Benito Ju\u00e1rez \u201cEl respeto al derecho ajeno, es la paz\u201d es una expresi\u00f3n que invita a respetar las creencias y las diferencias de los otros para evitar conflictos y desavenencias.<\/p>\n\n\n\n<p>Adem\u00e1s del secretario del Ayuntamiento Eduardo Lara en representaci\u00f3n del Alcalde Homero Mart\u00ednez, tambi\u00e9n se cont\u00f3 con la presencia del Subsecretario General de Gobierno en la Regi\u00f3n Laguna de Durango, Ra\u00fal Meraz; la S\u00edndico Municipal Alina Rivera; el Secretario T\u00e9cnico Ram\u00f3n Acosta; regidores; el Magistrado Gerardo Lara; director del Instituto Vasco de Quiroga, Juan de Dios Castro; la banda de m\u00fasica 02 del Estado; alumnos, banda de guerra y escolta del Instituto Vasco de Quiroga.<\/p>\n","protected":false},"excerpt":{"rendered":"<p>Frente al monumento del Benem\u00e9rito de las Am\u00e9ricas en la plazuela Ju\u00e1rez, el Ayuntamiento de Lerdo, a trav\u00e9s de la direcci\u00f3n de Educaci\u00f3n y en coordinaci\u00f3n con el Instituto &#8220;Vasco de Quiroga&#8221;, desarroll\u00f3 este jueves 21 de marzo el acto c\u00edvico, colocaci\u00f3n de ofrenda y guardia de honor por el 218 aniversario del natalicio del [&hellip;]<\/p>\n","protected":false},"author":1,"featured_media":3156,"comment_status":"open","ping_status":"open","sticky":false,"template":"","format":"standard","meta":{"_monsterinsights_skip_tracking":false,"_monsterinsights_sitenote_active":false,"_monsterinsights_sitenote_note":"","_monsterinsights_sitenote_category":0,"footnotes":""},"categories":[1],"tags":[],"_links":{"self":[{"href":"https:\/\/zonalimitrofe-cbnr.com\/index.php\/wp-json\/wp\/v2\/posts\/3155"}],"collection":[{"href":"https:\/\/zonalimitrofe-cbnr.com\/index.php\/wp-json\/wp\/v2\/posts"}],"about":[{"href":"https:\/\/zonalimitrofe-cbnr.com\/index.php\/wp-json\/wp\/v2\/types\/post"}],"author":[{"embeddable":true,"href":"https:\/\/zonalimitrofe-cbnr.com\/index.php\/wp-json\/wp\/v2\/users\/1"}],"replies":[{"embeddable":true,"href":"https:\/\/zonalimitrofe-cbnr.com\/index.php\/wp-json\/wp\/v2\/comments?post=3155"}],"version-history":[{"count":1,"href":"https:\/\/zonalimitrofe-cbnr.com\/index.php\/wp-json\/wp\/v2\/posts\/3155\/revisions"}],"predecessor-version":[{"id":3157,"href":"https:\/\/zonalimitrofe-cbnr.com\/index.php\/wp-json\/wp\/v2\/posts\/3155\/revisions\/3157"}],"wp:featuredmedia":[{"embeddable":true,"href":"https:\/\/zonalimitrofe-cbnr.com\/index.php\/wp-json\/wp\/v2\/media\/3156"}],"wp:attachment":[{"href":"https:\/\/zonalimitrofe-cbnr.com\/index.php\/wp-json\/wp\/v2\/media?parent=3155"}],"wp:term":[{"taxonomy":"category","embeddable":true,"href":"https:\/\/zonalimitrofe-cbnr.com\/index.php\/wp-json\/wp\/v2\/categories?post=3155"},{"taxonomy":"post_tag","embeddable":true,"href":"https:\/\/zonalimitrofe-cbnr.com\/index.php\/wp-json\/wp\/v2\/tags?post=3155"}],"curies":[{"name":"wp","href":"https:\/\/api.w.org\/{rel}","templated":true}]}}