{"id":3149,"date":"2024-03-21T12:23:14","date_gmt":"2024-03-21T18:23:14","guid":{"rendered":"https:\/\/zonalimitrofe-cbnr.com\/?p=3149"},"modified":"2024-03-21T12:23:14","modified_gmt":"2024-03-21T18:23:14","slug":"coahuila-detonan-plan-de-atencion-a-familias-afectadas-por-granizo-en-sabinas","status":"publish","type":"post","link":"https:\/\/zonalimitrofe-cbnr.com\/index.php\/2024\/03\/21\/coahuila-detonan-plan-de-atencion-a-familias-afectadas-por-granizo-en-sabinas\/","title":{"rendered":"#Coahuila. Detonan plan de atenci\u00f3n a familias afectadas por granizo en Sabinas*"},"content":{"rendered":"\n<p><em>Tras el levantamiento del censo de afectaciones inician acciones de atenci\u00f3n ciudadana<\/em><\/p>\n\n\n\n<p>Sabinas, Coahuila de Zaragoza; a 20 de marzo de 2024.- El gobernador Manolo Jim\u00e9nez Salinas presidi\u00f3 la reuni\u00f3n del Plan de Atenci\u00f3n a V\u00edctimas por la Contingencia en Sabinas, luego de que el pasado 15 de marzo este municipio fuera afectado por una tormenta de granizo, en donde se detonaron las acciones establecidas luego de los censos de afectaciones en viviendas, electricidad, agua y servicios p\u00fablicos.<\/p>\n\n\n\n<p>Acompa\u00f1ado por la alcaldesa Diana Haro Mart\u00ednez; \u00d3scar Pimentel Gonz\u00e1lez, Secretario de Gobierno; Emanuel Garza Fishburn, Secretario de Educaci\u00f3n; Eliud Aguirre V\u00e1zquez, Secretario de Salud; as\u00ed como personal de diversas dependencias del estado, y funcionarios municipales, Manolo Jim\u00e9nez gir\u00f3 instrucciones para iniciar con el apoyo a las familias m\u00e1s afectadas, as\u00ed como a la poblaci\u00f3n m\u00e1s vulnerable luego de este at\u00edpico fen\u00f3meno.<\/p>\n\n\n\n<p>En esta reuni\u00f3n se presentaron las afectaciones de la granizada, y se present\u00f3 adem\u00e1s un programa para apoyar a las familias econ\u00f3micamente m\u00e1s vulnerables del municipio.<\/p>\n\n\n\n<p>Se\u00f1al\u00f3 que a la brevedad se detonar\u00e1 un programa para apoyar a la poblaci\u00f3n afectada con tinacos, apoyos alimentarios, asesor\u00eda jur\u00eddica en cuanto a los seguros de autom\u00f3viles, para el seguro del Infonavit; brigadas de salud en las colonias, entre otras acciones.<\/p>\n\n\n\n<p>El mandatario estatal mencion\u00f3 que el objetivo de dicho programa es normalizar la prestaci\u00f3n de servicios p\u00fablicos.<\/p>\n\n\n\n<p>En dicha reuni\u00f3n se mencion\u00f3 que a partir de un censo en las localidades de Sabinas, Agujita y Cloete, en las colonias y barrios de mayor afectaci\u00f3n, se obtuvo un registro de 4,542 viviendas da\u00f1adas, con una poblaci\u00f3n aproximada de 18 mil personas.<\/p>\n\n\n\n<p>Las viviendas m\u00e1s afectadas en Sabinas se ubican en las colonias Santo Domingo, Vista Hermosa, Flores Mag\u00f3n, Sarabia, Arboledas, Infonavit, Reynera, Magisterio, Las Palmas, Las V\u00edrgenes, L\u00e1zaro C\u00e1rdenas, Centenario, Lomas, Chapultepec y San Antonio. En la Villa de Agujita las colonias: Jard\u00ednes, Barrio Uno, Barrio Dos, Barrio Cuatro, Barrio Cocedores, Banorte y Fraccionamiento Villarreal.<\/p>\n\n\n\n<p>Se informo que los principales da\u00f1os en hogares fueron en tinacos, medidores y tuber\u00edas de agua; techos de l\u00e1mina galvanizada; vidrios en viviendas.<\/p>\n\n\n\n<p>Adem\u00e1s, se inform\u00f3 que las escuelas afectadas de los niveles b\u00e1sico, medio superior y superior, de los sistemas federal y estatal fueron 42; y que personal de la Secretar\u00eda de Educaci\u00f3n P\u00fablica del Estado se encuentra en valoraci\u00f3n de campo para determinar t\u00e9cnicamente los da\u00f1os mayores en infraestructura; estimar costos de rehabilitaci\u00f3n, y establecer la ruta y el cronograma para las reparaciones.<\/p>\n\n\n\n<p>Manolo Jim\u00e9nez exhort\u00f3 a todo su equipo a trabajar de manera coordinada para que en el corto tiempo se puedan solventar las afectaciones que tuvieron s habitantes de Sabinas luego de este fen\u00f3meno.<\/p>\n","protected":false},"excerpt":{"rendered":"<p>Tras el levantamiento del censo de afectaciones inician acciones de atenci\u00f3n ciudadana Sabinas, Coahuila de Zaragoza; a 20 de marzo de 2024.- El gobernador Manolo Jim\u00e9nez Salinas presidi\u00f3 la reuni\u00f3n del Plan de Atenci\u00f3n a V\u00edctimas por la Contingencia en Sabinas, luego de que el pasado 15 de marzo este municipio fuera afectado por una [&hellip;]<\/p>\n","protected":false},"author":1,"featured_media":3150,"comment_status":"open","ping_status":"open","sticky":false,"template":"","format":"standard","meta":{"_monsterinsights_skip_tracking":false,"_monsterinsights_sitenote_active":false,"_monsterinsights_sitenote_note":"","_monsterinsights_sitenote_category":0,"footnotes":""},"categories":[1],"tags":[],"_links":{"self":[{"href":"https:\/\/zonalimitrofe-cbnr.com\/index.php\/wp-json\/wp\/v2\/posts\/3149"}],"collection":[{"href":"https:\/\/zonalimitrofe-cbnr.com\/index.php\/wp-json\/wp\/v2\/posts"}],"about":[{"href":"https:\/\/zonalimitrofe-cbnr.com\/index.php\/wp-json\/wp\/v2\/types\/post"}],"author":[{"embeddable":true,"href":"https:\/\/zonalimitrofe-cbnr.com\/index.php\/wp-json\/wp\/v2\/users\/1"}],"replies":[{"embeddable":true,"href":"https:\/\/zonalimitrofe-cbnr.com\/index.php\/wp-json\/wp\/v2\/comments?post=3149"}],"version-history":[{"count":1,"href":"https:\/\/zonalimitrofe-cbnr.com\/index.php\/wp-json\/wp\/v2\/posts\/3149\/revisions"}],"predecessor-version":[{"id":3151,"href":"https:\/\/zonalimitrofe-cbnr.com\/index.php\/wp-json\/wp\/v2\/posts\/3149\/revisions\/3151"}],"wp:featuredmedia":[{"embeddable":true,"href":"https:\/\/zonalimitrofe-cbnr.com\/index.php\/wp-json\/wp\/v2\/media\/3150"}],"wp:attachment":[{"href":"https:\/\/zonalimitrofe-cbnr.com\/index.php\/wp-json\/wp\/v2\/media?parent=3149"}],"wp:term":[{"taxonomy":"category","embeddable":true,"href":"https:\/\/zonalimitrofe-cbnr.com\/index.php\/wp-json\/wp\/v2\/categories?post=3149"},{"taxonomy":"post_tag","embeddable":true,"href":"https:\/\/zonalimitrofe-cbnr.com\/index.php\/wp-json\/wp\/v2\/tags?post=3149"}],"curies":[{"name":"wp","href":"https:\/\/api.w.org\/{rel}","templated":true}]}}