{"id":3125,"date":"2024-03-20T18:09:47","date_gmt":"2024-03-21T00:09:47","guid":{"rendered":"https:\/\/zonalimitrofe-cbnr.com\/?p=3125"},"modified":"2024-03-20T18:09:48","modified_gmt":"2024-03-21T00:09:48","slug":"uadec-firma-uadec-con-agsal-convenio-de-colaboracion-en-el-marco-del-dia-mundial-del-agua","status":"publish","type":"post","link":"https:\/\/zonalimitrofe-cbnr.com\/index.php\/2024\/03\/20\/uadec-firma-uadec-con-agsal-convenio-de-colaboracion-en-el-marco-del-dia-mundial-del-agua\/","title":{"rendered":"#UAdeC. Firma UAdeC con AGSAL Convenio de Colaboraci\u00f3n en el Marco del D\u00eda Mundial del Agua"},"content":{"rendered":"\n<p>SALTILLO, Coahuila. 20 de marzo de 2024. En el marco del D\u00eda Mundial del Agua que se celebra el 22 de marzo y como parte de esa jornada internacional de concienciaci\u00f3n, la Universidad Aut\u00f3noma de Coahuila firm\u00f3 un convenio de colaboraci\u00f3n con la empresa paramunicipal Aguas de Saltillo (Agsal) y ofreci\u00f3 una charla sobre las acciones que se realizan en Saltillo.<\/p>\n\n\n\n<p>El acuerdo fue signado por el rector de la m\u00e1xima casa de estudios, Octavio Pimentel Mart\u00ednez, el director general de Aguas de Saltillo, Jordi Bosch Bragado, acompa\u00f1ados por Marcela Carmona Ochoa, gerente de Desarrollo Organizacional y Comunicaci\u00f3n de Agsal, y Carlos Alejandro G\u00f3mez Antu\u00f1ano, jefe de servicios jur\u00eddicos de la paramunicipal.<\/p>\n\n\n\n<p>Karla Patricia Vald\u00e9s Garc\u00eda, Coordinadora de Vinculaci\u00f3n e Innovaci\u00f3n Productiva de la UAdeC, en su mensaje, dijo que adem\u00e1s de firmar el convenio, se va a reflexionar sobre el agua como recurso vital para la supervivencia de nuestro planeta y de todas las formas de vida, que, aunque pareciera que es abundante, es un recurso finito que debemos proteger y utilizar de manera sostenible.<\/p>\n\n\n\n<p>\u201cMe gustar\u00eda tambi\u00e9n decirles a todas y a todos que en la Universidad y por indicaciones de nuestro Rector vamos a generar y tomar las medidas necesarias a partir de este convenio, para coadyuvar en la protecci\u00f3n, preservaci\u00f3n y gesti\u00f3n del recurso h\u00eddrico, trabajo que ir\u00e1 de la mano con la Coordinaci\u00f3n de Universidad Sustentable a cargo de Ver\u00f3nica Villarreal S\u00e1nchez.<\/p>\n\n\n\n<p>Por su parte, el gerente de Aguas de Saltillo, Jordi Bosch reconoci\u00f3 a la m\u00e1xima casa de estudios como la m\u00e1s importante del estado, pues la integran m\u00e1s de 40 mil estudiantes, por ello se congratula por la firma de este convenio de colaboraci\u00f3n, que recibir\u00e1 a universitarios que tengan inquietudes medioambientales, pues la compa\u00f1\u00eda requiere perfiles talento que ustedes tienen, dijo.<\/p>\n\n\n\n<p>\u201cLas pr\u00e1cticas profesionales las extenderemos a muchas facultades que tiene la Universidad, como por ejemplo la Facultad de Ciencias Qu\u00edmicas, para analizar la calidad del agua, porque tenemos al agua de Saltillo subterr\u00e1nea, dura, alcalina, b\u00e1sica con un ph que se aproxima a 7.3, y se pueden pues buscar formas de estudio no solamente en las part\u00edculas que contiene, sino tambi\u00e9n en su edad\u201d, afirm\u00f3.<\/p>\n\n\n\n<p>Agreg\u00f3 que tambi\u00e9n hay una reforma que est\u00e1n haciendo de las agencias, y por tanto podr\u00edan colaborar con la Facultad de Arquitectura; en el desarrollo de softwares con la Facultad de Sistemas, porque se requiere mucha tecnolog\u00eda para la gesti\u00f3n del agua, la detecci\u00f3n de fugas, la presi\u00f3n, en definitiva, dijo, hay muchos<\/p>\n\n\n\n<p>campos y oportunidades que tenemos para trabajar en conjunto con la Aut\u00f3noma de Coahuila.<\/p>\n\n\n\n<p>En su mensaje, el rector Octavio Pimentel Mart\u00ednez, agradeci\u00f3 la confianza de Agsal porque hoy se cristalizan acuerdos derivados de pl\u00e1ticas anteriores, que van encaminados al desarrollo profesional de los j\u00f3venes, a trav\u00e9s de las actividades que emprende Aguas de Saltillo con pr\u00e1cticas profesionales.<\/p>\n\n\n\n<p>Asimismo, reconoci\u00f3 el trabajo de las y los promotores ambientales de la comunidad universitaria, que, con trabajo conjunto entre instituciones, empresas y organismos, el cuidado y desarrollo del medio ambiente, har\u00e1n a la UAdeC una Universidad Sostenible de las mejores como la Universidad Aut\u00f3noma de Nuevo Le\u00f3n.<\/p>\n\n\n\n<p>\u201cNecesitamos de las universitarias y los universitarios, que est\u00e9n inmersos en las actividades que tiene Aguas de Saltillo, sabemos que ser\u00e1 sobre las pr\u00e1cticas profesionales, pero yo estar\u00eda pensando en una Educaci\u00f3n Dual, trabajar con proyectos desde las distintas facultades y apostarle al desarrollo como el de las plantas tratadoras dentro de la Universidad Aut\u00f3nomo Coahuila, y activar la planta piloto que tenemos, adem\u00e1s de proyectos de investigaci\u00f3n para que estudiantes se involucren en esta \u00e1rea tan noble y necesaria para nuestra comunidad\u201d, afirm\u00f3 el Rector.<\/p>\n\n\n\n<p>Posteriormente se ofreci\u00f3 a la comunidad universitaria una charla sobre el Objetivo de Desarrollo Sostenible (ODS) 6, que plantea una misi\u00f3n para los pr\u00f3ximos dos decenios de \u201cGarantizar la disponibilidad y la gesti\u00f3n sostenible del agua y el saneamiento para todos\u201d, con un enfoque a lo que sucede en el municipio de Saltillo.<\/p>\n\n\n\n<p>A cargo del gerente de Agsal, Jordi Bosch Bragado, la conferencia centr\u00f3 la labor de Agsal y dijo que la ODS 6 es el faro que gu\u00eda el camino de cualquier empresa p\u00fablica o privada en el mundo, pues tiene un ideal, unos objetivos y metas verticales que, aunque est\u00e1n aisladas unas de otras, colaboran entre s\u00ed, porque tiene que ver con los derechos humanos, como lo establece la Constituci\u00f3n en M\u00e9xico en el Art\u00edculo 4, P\u00e1rrafo Sexto, que cualquier ciudadano tiene derecho a tener agua y drenaje de calidad.<\/p>\n\n\n\n<p>Y por lo anterior tenemos derechos, afirm\u00f3, pero tambi\u00e9n obligaciones, c\u00f3mo cuidar el vital l\u00edquido, el uso y gasto del agua en nuestra vivienda, para que seamos eficientes en los consumos, en el ahorro, en promover la importancia del vital l\u00edquido, y en Saltillo es tan accesible que tenemos el 98 por ciento de las viviendas conectadas al Sistema de Agsal y solo un 2 por ciento de fraccionamientos privados les da servicio otra empresa particular.<\/p>\n\n\n\n<p>La meta uno, es el acceso universal y equitativo del agua potable, y en saltillo lo tiene el 100 por ciento de la poblaci\u00f3n, y explic\u00f3 qu\u00e9 pasa con las aglomeraciones humanas o asentamientos irregulares, como las colonias que est\u00e1n al sur de la ciudad, para ello se instalan tomas comunitarias que son 144 fuentes para que la gente de esos sectores pueda abastecerse de agua.<\/p>\n\n\n\n<p>Boch Bragado, comparti\u00f3 la meta 2 que se refiere al destino del recurso para el pago del servicio, que no debe sobrepasar el 3 por ciento del ingreso familiar, cuentan con tarifas asequibles y en funci\u00f3n de donde vives tienes el precio por metro c\u00fabico, de igual manera el 97 por ciento tiene cobertura de la red de drenaje.<\/p>\n\n\n\n<p>La meta 3 sobre la calidad del agua, dijo que es potable y se puede tomar directo de la llave, porque est\u00e1 certificada en su calidad por la Secretar\u00eda de Salud, y es apta para el consumo humano; la meta cuatro incrementar el uso eficiente del agua, como organismo operador cuentan con un centro de control operativo en tiempo real, entran dos millones de datos cada d\u00eda, sectorizaci\u00f3n, sat\u00e9lite, inyecci\u00f3n de gas trazador y de rendimiento t\u00e9cnico.<\/p>\n\n\n\n<p>Habl\u00f3 sobre la meta cinco que refiere implementar la gesti\u00f3n integrada de los recursos h\u00eddricos; la meta seis proteger los ecosistemas asociados con el agua, que pueden ser afectados por los incendios forestales, por lo cual la empresa participa con la reforestaci\u00f3n, la colaboraci\u00f3n para el cuidado de los pozos la creaci\u00f3n de brigadas, y el arte urbano en los dep\u00f3sitos y\/o tanques en la ciudad.<\/p>\n\n\n\n<p>La meta siete, se concentra en la cooperaci\u00f3n y la meta ocho sobre la participaci\u00f3n social.<\/p>\n","protected":false},"excerpt":{"rendered":"<p>SALTILLO, Coahuila. 20 de marzo de 2024. En el marco del D\u00eda Mundial del Agua que se celebra el 22 de marzo y como parte de esa jornada internacional de concienciaci\u00f3n, la Universidad Aut\u00f3noma de Coahuila firm\u00f3 un convenio de colaboraci\u00f3n con la empresa paramunicipal Aguas de Saltillo (Agsal) y ofreci\u00f3 una charla sobre las [&hellip;]<\/p>\n","protected":false},"author":1,"featured_media":3126,"comment_status":"open","ping_status":"open","sticky":false,"template":"","format":"standard","meta":{"_monsterinsights_skip_tracking":false,"_monsterinsights_sitenote_active":false,"_monsterinsights_sitenote_note":"","_monsterinsights_sitenote_category":0,"footnotes":""},"categories":[1],"tags":[],"_links":{"self":[{"href":"https:\/\/zonalimitrofe-cbnr.com\/index.php\/wp-json\/wp\/v2\/posts\/3125"}],"collection":[{"href":"https:\/\/zonalimitrofe-cbnr.com\/index.php\/wp-json\/wp\/v2\/posts"}],"about":[{"href":"https:\/\/zonalimitrofe-cbnr.com\/index.php\/wp-json\/wp\/v2\/types\/post"}],"author":[{"embeddable":true,"href":"https:\/\/zonalimitrofe-cbnr.com\/index.php\/wp-json\/wp\/v2\/users\/1"}],"replies":[{"embeddable":true,"href":"https:\/\/zonalimitrofe-cbnr.com\/index.php\/wp-json\/wp\/v2\/comments?post=3125"}],"version-history":[{"count":1,"href":"https:\/\/zonalimitrofe-cbnr.com\/index.php\/wp-json\/wp\/v2\/posts\/3125\/revisions"}],"predecessor-version":[{"id":3127,"href":"https:\/\/zonalimitrofe-cbnr.com\/index.php\/wp-json\/wp\/v2\/posts\/3125\/revisions\/3127"}],"wp:featuredmedia":[{"embeddable":true,"href":"https:\/\/zonalimitrofe-cbnr.com\/index.php\/wp-json\/wp\/v2\/media\/3126"}],"wp:attachment":[{"href":"https:\/\/zonalimitrofe-cbnr.com\/index.php\/wp-json\/wp\/v2\/media?parent=3125"}],"wp:term":[{"taxonomy":"category","embeddable":true,"href":"https:\/\/zonalimitrofe-cbnr.com\/index.php\/wp-json\/wp\/v2\/categories?post=3125"},{"taxonomy":"post_tag","embeddable":true,"href":"https:\/\/zonalimitrofe-cbnr.com\/index.php\/wp-json\/wp\/v2\/tags?post=3125"}],"curies":[{"name":"wp","href":"https:\/\/api.w.org\/{rel}","templated":true}]}}