{"id":3089,"date":"2024-03-20T14:14:01","date_gmt":"2024-03-20T20:14:01","guid":{"rendered":"https:\/\/zonalimitrofe-cbnr.com\/?p=3089"},"modified":"2024-03-20T14:14:02","modified_gmt":"2024-03-20T20:14:02","slug":"iec-realizan-iec-e-ine-foro-de-inclusion-la-voz-de-los-pueblos-indigenas-en-coahuila","status":"publish","type":"post","link":"https:\/\/zonalimitrofe-cbnr.com\/index.php\/2024\/03\/20\/iec-realizan-iec-e-ine-foro-de-inclusion-la-voz-de-los-pueblos-indigenas-en-coahuila\/","title":{"rendered":"#IEC. Realizan IEC e INE Foro de Inclusi\u00f3n \u201cLa voz de los pueblos ind\u00edgenas en Coahuila\u201d"},"content":{"rendered":"\n<p>El Instituto Electoral de Coahuila, en conjunto con el Instituto Nacional Electoral, llev\u00f3 a cabo este martes 19 de marzo el Foro de Inclusi\u00f3n \u201cLa voz de los pueblos ind\u00edgenas en Coahuila\u201d, en el municipio de M\u00fazquiz.<\/p>\n\n\n\n<p>El evento tuvo lugar en las instalaciones del Instituto Tecnol\u00f3gico Superior de M\u00fazquiz, y se cont\u00f3 con la asistencia del Lic. Jos\u00e9 Luis V\u00e1zquez L\u00f3pez, Vocal Ejecutivo de la Junta Local del INE en Coahuila. Participaron en el di\u00e1logo autoridades electorales del IEC, del INE y Tribunal Electoral del Estado de Coahuila; personas expertas en el tema de comunidades ind\u00edgenas y afromexicanas, as\u00ed como representantes de la tribu Kikap\u00fa.<\/p>\n\n\n\n<p>En su mensaje inagural, la Mtra. Leticia Bravo Ostos, Consejera Electoral y Presidenta de la Comisi\u00f3n de Paridad e Inclusi\u00f3n del IEC, explic\u00f3 que el objetivo del Foro es \u201cdifundir la importancia de la participaci\u00f3n ciudadana con una visi\u00f3n igualitaria y sin discriminaci\u00f3n, as\u00ed como fortalecer las voces de los pueblos y\/o comunidades ind\u00edgenas y afromexicanas en el ejercicio de su autonom\u00eda y derechos pol\u00edticos electorales\u201d.<\/p>\n\n\n\n<p>\u201cGracias a este Foro\u201d, detall\u00f3, \u201cse podr\u00e1n identificar los avances institucionales y ciudadanos, as\u00ed como los retos y desaf\u00edos en el ejercicio y goce de sus derechos pol\u00edtico-electorales, lo que, sin duda, permitir\u00e1 tomar acciones desde diferentes \u00e1mbitos para fortalecer su inclusi\u00f3n en la sociedad\u201d.<\/p>\n\n\n\n<p>Durante las tres rondas en la que se dividi\u00f3 el Foro, las y los participantes respondieron a preguntas detonantes sobre temas relacionados al avance institucional y ciudadano en los derechos pol\u00edtico-electorales de los pueblos y\/o comunidades ind\u00edgenas y afromexicanos; los retos y desaf\u00edos de las reprentaciones de este sector en el ejercicio del cargo; y las acciones sociales, institucionales y comunitarias que deben llevarse a cabo para fortalecera inclusi\u00f3n su inclusi\u00f3n.<\/p>\n\n\n\n<p>En su participaci\u00f3n, Julio Jim\u00e9nez Guerra, representante legal de la tribu Kikap\u00fa, se\u00f1al\u00f3 que \u201cel avance en la representaci\u00f3n pol\u00edtico-electoral para las comunidades ind\u00edgenas ha sido lento, pero firme. Actualmente no s\u00f3lo los Negros Mascogos y los Kikap\u00fas tienen acceso a estas oportunidades, sino que m\u00e1s etnias ya son incluidas para ocupar un cargo de representaci\u00f3n ciudadana, lo que significa un desarrollo m\u00e1s justo para estas comunidades\u201d.<\/p>\n\n\n\n<p>En el marco del Programa de Promoci\u00f3n de la Participaci\u00f3n Ciudadana en el Proceso Electoral Concurrente 2023-2024 (PPPC PEC), los Foros de Inclusi\u00f3n tienen como objetivo brindar informaci\u00f3n para que la ciudadan\u00eda ejerza su participaci\u00f3n libre y razonada en la<\/p>\n\n\n\n<p>Jornada Electoral, a trav\u00e9s de la socializaci\u00f3n de informaci\u00f3n electoral b\u00e1sica y sobre la importancia de la participaci\u00f3n.<\/p>\n\n\n\n<p>Panelistas<\/p>\n\n\n\n<p>Dr. Uuc-Kib Espadas Ancona, Consejero Electoral del INE<\/p>\n\n\n\n<p>Licda. Madeleyne Ivett Figueroa G\u00e1mez, Consejera Electoral del IEC<\/p>\n\n\n\n<p>Dr. \u00d3scar Daniel Rodr\u00edguez Fuentes, Consejero Electoral del IEC<\/p>\n\n\n\n<p>Dr. Juan Carlos Cisneros Ruiz, Consejero Electoral del IEC<\/p>\n\n\n\n<p>Mtro. Juan Antonio Silva Espinoza, Consejero Electoral del IEC<\/p>\n\n\n\n<p>Mtra. Karla Ver\u00f3nica F\u00e9lix Neira, Magistrada del Tribunal Electoral de Coahuila<\/p>\n\n\n\n<p>Karla Rivera T\u00e9llez, Antrop\u00f3loga en temas de Comunidades Afromexicanas en Coahuila<\/p>\n\n\n\n<p>Mtra. Dominga Bautista Hern\u00e1ndez, Etnia N\u00e1huatl, cofundadora RedMin A. C.<\/p>\n\n\n\n<p>Lic. Julio Jim\u00e9nez Guerra, Representante Legal de la tribu Kikap\u00fa<\/p>\n\n\n\n<p>Ariel Rodr\u00edguez Suke, integrante de la tribu Kikap\u00fa<\/p>\n","protected":false},"excerpt":{"rendered":"<p>El Instituto Electoral de Coahuila, en conjunto con el Instituto Nacional Electoral, llev\u00f3 a cabo este martes 19 de marzo el Foro de Inclusi\u00f3n \u201cLa voz de los pueblos ind\u00edgenas en Coahuila\u201d, en el municipio de M\u00fazquiz. El evento tuvo lugar en las instalaciones del Instituto Tecnol\u00f3gico Superior de M\u00fazquiz, y se cont\u00f3 con la [&hellip;]<\/p>\n","protected":false},"author":1,"featured_media":3090,"comment_status":"open","ping_status":"open","sticky":false,"template":"","format":"standard","meta":{"_monsterinsights_skip_tracking":false,"_monsterinsights_sitenote_active":false,"_monsterinsights_sitenote_note":"","_monsterinsights_sitenote_category":0,"footnotes":""},"categories":[1],"tags":[],"_links":{"self":[{"href":"https:\/\/zonalimitrofe-cbnr.com\/index.php\/wp-json\/wp\/v2\/posts\/3089"}],"collection":[{"href":"https:\/\/zonalimitrofe-cbnr.com\/index.php\/wp-json\/wp\/v2\/posts"}],"about":[{"href":"https:\/\/zonalimitrofe-cbnr.com\/index.php\/wp-json\/wp\/v2\/types\/post"}],"author":[{"embeddable":true,"href":"https:\/\/zonalimitrofe-cbnr.com\/index.php\/wp-json\/wp\/v2\/users\/1"}],"replies":[{"embeddable":true,"href":"https:\/\/zonalimitrofe-cbnr.com\/index.php\/wp-json\/wp\/v2\/comments?post=3089"}],"version-history":[{"count":1,"href":"https:\/\/zonalimitrofe-cbnr.com\/index.php\/wp-json\/wp\/v2\/posts\/3089\/revisions"}],"predecessor-version":[{"id":3091,"href":"https:\/\/zonalimitrofe-cbnr.com\/index.php\/wp-json\/wp\/v2\/posts\/3089\/revisions\/3091"}],"wp:featuredmedia":[{"embeddable":true,"href":"https:\/\/zonalimitrofe-cbnr.com\/index.php\/wp-json\/wp\/v2\/media\/3090"}],"wp:attachment":[{"href":"https:\/\/zonalimitrofe-cbnr.com\/index.php\/wp-json\/wp\/v2\/media?parent=3089"}],"wp:term":[{"taxonomy":"category","embeddable":true,"href":"https:\/\/zonalimitrofe-cbnr.com\/index.php\/wp-json\/wp\/v2\/categories?post=3089"},{"taxonomy":"post_tag","embeddable":true,"href":"https:\/\/zonalimitrofe-cbnr.com\/index.php\/wp-json\/wp\/v2\/tags?post=3089"}],"curies":[{"name":"wp","href":"https:\/\/api.w.org\/{rel}","templated":true}]}}