{"id":3083,"date":"2024-03-19T14:53:04","date_gmt":"2024-03-19T20:53:04","guid":{"rendered":"https:\/\/zonalimitrofe-cbnr.com\/?p=3083"},"modified":"2024-03-19T14:53:05","modified_gmt":"2024-03-19T20:53:05","slug":"uadec-rector-toma-protesta-a-la-academia-de-directoras-y-directores-de-la-unidad-torreon","status":"publish","type":"post","link":"https:\/\/zonalimitrofe-cbnr.com\/index.php\/2024\/03\/19\/uadec-rector-toma-protesta-a-la-academia-de-directoras-y-directores-de-la-unidad-torreon\/","title":{"rendered":"#UAdeC. Rector  Toma Protesta a la Academia de Directoras y Directores de la Unidad Torre\u00f3n"},"content":{"rendered":"\n<p>TORRE\u00d3N, Coahuila. 19 de marzo de 2024. Ante directivos que encabezan las Escuelas y Facultades de la Unidad Torre\u00f3n, el rector de la Universidad Aut\u00f3noma de Coahuila, Octavio Pimentel Mart\u00ednez, tom\u00f3 protesta a la nueva mesa directiva de la Academia de Directoras y Directores para el periodo 2024-2025.<\/p>\n\n\n\n<p>En su mensaje, el Rector les los exhort\u00f3 a trabajar en unidad y equipo, a fomentar el di\u00e1logo y la participaci\u00f3n para construir una mejor universidad, en la que la transparencia de los datos y de la informaci\u00f3n sea una prioridad.<\/p>\n\n\n\n<p>As\u00ed mismo, les felicit\u00f3 por esta nueva encomienda, en la que dijo, deber\u00e1n sumar esfuerzos de la mano de los docentes y del alumnado, dejando atr\u00e1s el inter\u00e9s personal y siempre poniendo por delante el proyecto de llevar a la UAdeC a otro nivel, dentro del marco de reglamentos y lineamientos del estatuto universitario.<\/p>\n\n\n\n<p>Con fundamento en los art\u00edculos 78 y 79 del Estatuto Universitario en vigor, se procedi\u00f3 a la conformaci\u00f3n de la Academia de Directoras y Directores de la Unidad Torre\u00f3n para el periodo 2024-2025, mediante la votaci\u00f3n, en la que fueron asignadas la presidencia, vicepresidencia, tesorer\u00eda y secretar\u00eda de la misma.<\/p>\n\n\n\n<p>La votaci\u00f3n result\u00f3 en la elecci\u00f3n por unanimidad de la planilla conformada por la Dra. Grace Aileen Ruiz Santoyo, directora de la Facultad de Econom\u00eda y Mercadotecnia, quien ser\u00e1 la presidenta; el Dr. Daniel Campos Torres, director de la Facultad de Medicina, como vicepresidente; la Dra. Reyna Jazm\u00edn Rodr\u00edguez Trejo, directora de la Facultad de Contadur\u00eda y Administraci\u00f3n, ser\u00e1 la tesorera y el Mtro. Javier Loza Estrada, director de la Escuela de Administraci\u00f3n de San Pedro, quien ocupar\u00e1 el cargo de secretario.<\/p>\n\n\n\n<p>La Academia de Directoras y Directores tiene como objetivos promover y organizar el trabajo en equipo de los miembros de la Academia, propiciar espacios de discusi\u00f3n, an\u00e1lisis e investigaci\u00f3n de situaciones que se vayan presentando al interior de los planteles, as\u00ed como promover la superaci\u00f3n acad\u00e9mica de sus integrantes.<\/p>\n","protected":false},"excerpt":{"rendered":"<p>TORRE\u00d3N, Coahuila. 19 de marzo de 2024. Ante directivos que encabezan las Escuelas y Facultades de la Unidad Torre\u00f3n, el rector de la Universidad Aut\u00f3noma de Coahuila, Octavio Pimentel Mart\u00ednez, tom\u00f3 protesta a la nueva mesa directiva de la Academia de Directoras y Directores para el periodo 2024-2025. En su mensaje, el Rector les los [&hellip;]<\/p>\n","protected":false},"author":1,"featured_media":3084,"comment_status":"open","ping_status":"open","sticky":false,"template":"","format":"standard","meta":{"_monsterinsights_skip_tracking":false,"_monsterinsights_sitenote_active":false,"_monsterinsights_sitenote_note":"","_monsterinsights_sitenote_category":0,"footnotes":""},"categories":[1],"tags":[],"_links":{"self":[{"href":"https:\/\/zonalimitrofe-cbnr.com\/index.php\/wp-json\/wp\/v2\/posts\/3083"}],"collection":[{"href":"https:\/\/zonalimitrofe-cbnr.com\/index.php\/wp-json\/wp\/v2\/posts"}],"about":[{"href":"https:\/\/zonalimitrofe-cbnr.com\/index.php\/wp-json\/wp\/v2\/types\/post"}],"author":[{"embeddable":true,"href":"https:\/\/zonalimitrofe-cbnr.com\/index.php\/wp-json\/wp\/v2\/users\/1"}],"replies":[{"embeddable":true,"href":"https:\/\/zonalimitrofe-cbnr.com\/index.php\/wp-json\/wp\/v2\/comments?post=3083"}],"version-history":[{"count":1,"href":"https:\/\/zonalimitrofe-cbnr.com\/index.php\/wp-json\/wp\/v2\/posts\/3083\/revisions"}],"predecessor-version":[{"id":3085,"href":"https:\/\/zonalimitrofe-cbnr.com\/index.php\/wp-json\/wp\/v2\/posts\/3083\/revisions\/3085"}],"wp:featuredmedia":[{"embeddable":true,"href":"https:\/\/zonalimitrofe-cbnr.com\/index.php\/wp-json\/wp\/v2\/media\/3084"}],"wp:attachment":[{"href":"https:\/\/zonalimitrofe-cbnr.com\/index.php\/wp-json\/wp\/v2\/media?parent=3083"}],"wp:term":[{"taxonomy":"category","embeddable":true,"href":"https:\/\/zonalimitrofe-cbnr.com\/index.php\/wp-json\/wp\/v2\/categories?post=3083"},{"taxonomy":"post_tag","embeddable":true,"href":"https:\/\/zonalimitrofe-cbnr.com\/index.php\/wp-json\/wp\/v2\/tags?post=3083"}],"curies":[{"name":"wp","href":"https:\/\/api.w.org\/{rel}","templated":true}]}}