{"id":3070,"date":"2024-03-19T14:35:39","date_gmt":"2024-03-19T20:35:39","guid":{"rendered":"https:\/\/zonalimitrofe-cbnr.com\/?p=3070"},"modified":"2024-03-19T14:35:39","modified_gmt":"2024-03-19T20:35:39","slug":"uadec-se-gradua-la-primera-generacion-de-la-maestria-en-auditoria-de-la-fca-uadec-unidad-torreon","status":"publish","type":"post","link":"https:\/\/zonalimitrofe-cbnr.com\/index.php\/2024\/03\/19\/uadec-se-gradua-la-primera-generacion-de-la-maestria-en-auditoria-de-la-fca-uadec-unidad-torreon\/","title":{"rendered":"#UAdeC. Se Grad\u00faa la Primera Generaci\u00f3n de la Maestr\u00eda en Auditor\u00eda de la FCA UAdeC Unidad Torre\u00f3n"},"content":{"rendered":"\n<p>TORRE\u00d3N, Coahuila. 19 de marzo de 2024. La Facultad de Contadur\u00eda y Administraci\u00f3n (FCA) Unidad Torre\u00f3n de la Universidad Aut\u00f3noma de Coahuila, llev\u00f3 a cabo la ceremonia de graduaci\u00f3n de la primera generaci\u00f3n de la Maestr\u00eda en Auditor\u00eda, cabe en convenio con la Auditoria Superior del Estado de Coahuila.<\/p>\n\n\n\n<p>Derviado del Convenio con la ASE, inici\u00f3 el programa de posgrado en l\u00ednea con una duraci\u00f3n de cuatro semestres a trav\u00e9s de la plataforma Black Board, que ya concluye en la primera generaci\u00f3n con 57 graduados de la Acentuaci\u00f3n Gubernamental y 11 de la Acentuaci\u00f3n Financiera, procedentes de los estados de Coahuila, Baja California, Tamaulipas, Ciudad de M\u00e9xico, Guanajuato, Hidalgo y Michoac\u00e1n.<\/p>\n\n\n\n<p>En el Auditorio del plantel, asisti\u00f3 el rector la m\u00e1xima casa de estudios, Octavio Pimentel Mart\u00ednez, en representaci\u00f3n del Gobernador del Estado de Coahuila, Manolo Jim\u00e9nez Salinas, la Secretaria de Fiscalizaci\u00f3n y Rendici\u00f3n de Cuentas, Marisol Mart\u00ednez Gonz\u00e1lez; el auditor superior del Estado de Coahuila, Manuel Ram\u00edrez Briones, la coordinadora de Unidad Torre\u00f3n, Sandra L\u00f3pez Chavarr\u00eda, la directora de la Facultad de Contadur\u00eda y Administraci\u00f3n, Reyna Jazm\u00edn Rodr\u00edguez Trejo, el coordinador de Investigaci\u00f3n, Manuel Medina Elizondo, docentes, graduados y familiares.<\/p>\n\n\n\n<p>El Rector felicit\u00f3 a quienes culminaron sus estudios de posgrado, por la dedicaci\u00f3n, esfuerzo y perseverancia que demostraron al equilibrar el estudio, trabajo y familia en un programa que ofrece la UAdeC que se adapta a un entorno que constantemente est\u00e1 cambiando, en competitividad, transparencia y rendici\u00f3n de cuentas.<\/p>\n\n\n\n<p>Agreg\u00f3 que el lograr esta primera generaci\u00f3n no hubiera sido posible sin la confianza de la Auditor\u00eda Superior del Estado, por lo que adem\u00e1s de ella se continuar\u00e1 trabajando con otras entidades p\u00fablicas, para seguir preparando a las y los actores de cambio, haciendo una sinergia que trascienda m\u00e1s all\u00e1 de la UAdeC.<\/p>\n\n\n\n<p>Durante su intervenci\u00f3n, la titular de la Secretar\u00eda de Fiscalizaci\u00f3n y Rendici\u00f3n de Cuentas, Marisol Mart\u00ednez Gonz\u00e1lez, felicit\u00f3 a las y los alumnos que culminaron sus estudios de Maestr\u00eda en Auditor\u00eda, por su entrega y dedicaci\u00f3n, pues afirm\u00f3 que esto los impulsar\u00e1 en una sociedad competitiva que cada vez demanda m\u00e1s l\u00edderes y profesionistas actualizados y mejor preparados.<\/p>\n\n\n\n<p>Por ello, se\u00f1al\u00f3 que los estudios de posgrado en Auditor\u00eda permiten a los profesionistas incrementar sus capacidades de an\u00e1lisis investigaci\u00f3n, desarrollo de habilidades que responden a una necesidad de formaci\u00f3n especializada en el \u00e1mbito de la administraci\u00f3n de los recursos p\u00fablicos bajo los principios de transparencia<\/p>\n\n\n\n<p>Adem\u00e1s, felicit\u00f3 al cuerpo acad\u00e9mico y a funcionarios de la Universidad por la colaboraci\u00f3n con las distintas instancias p\u00fablicas, al brindar educaci\u00f3n de calidad, as\u00ed mismo, reconoci\u00f3 el impulso de la Auditor\u00eda Superior del Estado al apostar por la capacitaci\u00f3n como una de las herramientas para mejorar el desempe\u00f1o de las distintas entidades y organismos del sector p\u00fablico.<\/p>\n\n\n\n<p>Durante la ceremonia se hizo entrega de diplomas de Pre-Grado a las y alumnos de las licenciaturas que culminaron el primer y segundo a\u00f1o de Contadur\u00eda P\u00fablica como Auxiliar Contable, Licenciatura en Derecho Jur\u00eddico como Asesor Jur\u00eddico, la Licenciatura en Administraci\u00f3n de Empresas como Asistente de Comercializaci\u00f3n, Ventas y Servicio al Cliente.<\/p>\n","protected":false},"excerpt":{"rendered":"<p>TORRE\u00d3N, Coahuila. 19 de marzo de 2024. La Facultad de Contadur\u00eda y Administraci\u00f3n (FCA) Unidad Torre\u00f3n de la Universidad Aut\u00f3noma de Coahuila, llev\u00f3 a cabo la ceremonia de graduaci\u00f3n de la primera generaci\u00f3n de la Maestr\u00eda en Auditor\u00eda, cabe en convenio con la Auditoria Superior del Estado de Coahuila. Derviado del Convenio con la ASE, [&hellip;]<\/p>\n","protected":false},"author":1,"featured_media":3071,"comment_status":"open","ping_status":"open","sticky":false,"template":"","format":"standard","meta":{"_monsterinsights_skip_tracking":false,"_monsterinsights_sitenote_active":false,"_monsterinsights_sitenote_note":"","_monsterinsights_sitenote_category":0,"footnotes":""},"categories":[1],"tags":[],"_links":{"self":[{"href":"https:\/\/zonalimitrofe-cbnr.com\/index.php\/wp-json\/wp\/v2\/posts\/3070"}],"collection":[{"href":"https:\/\/zonalimitrofe-cbnr.com\/index.php\/wp-json\/wp\/v2\/posts"}],"about":[{"href":"https:\/\/zonalimitrofe-cbnr.com\/index.php\/wp-json\/wp\/v2\/types\/post"}],"author":[{"embeddable":true,"href":"https:\/\/zonalimitrofe-cbnr.com\/index.php\/wp-json\/wp\/v2\/users\/1"}],"replies":[{"embeddable":true,"href":"https:\/\/zonalimitrofe-cbnr.com\/index.php\/wp-json\/wp\/v2\/comments?post=3070"}],"version-history":[{"count":1,"href":"https:\/\/zonalimitrofe-cbnr.com\/index.php\/wp-json\/wp\/v2\/posts\/3070\/revisions"}],"predecessor-version":[{"id":3072,"href":"https:\/\/zonalimitrofe-cbnr.com\/index.php\/wp-json\/wp\/v2\/posts\/3070\/revisions\/3072"}],"wp:featuredmedia":[{"embeddable":true,"href":"https:\/\/zonalimitrofe-cbnr.com\/index.php\/wp-json\/wp\/v2\/media\/3071"}],"wp:attachment":[{"href":"https:\/\/zonalimitrofe-cbnr.com\/index.php\/wp-json\/wp\/v2\/media?parent=3070"}],"wp:term":[{"taxonomy":"category","embeddable":true,"href":"https:\/\/zonalimitrofe-cbnr.com\/index.php\/wp-json\/wp\/v2\/categories?post=3070"},{"taxonomy":"post_tag","embeddable":true,"href":"https:\/\/zonalimitrofe-cbnr.com\/index.php\/wp-json\/wp\/v2\/tags?post=3070"}],"curies":[{"name":"wp","href":"https:\/\/api.w.org\/{rel}","templated":true}]}}