{"id":30592,"date":"2026-05-01T20:13:35","date_gmt":"2026-05-02T02:13:35","guid":{"rendered":"https:\/\/zonalimitrofe-cbnr.com\/?p=30592"},"modified":"2026-05-01T20:13:36","modified_gmt":"2026-05-02T02:13:36","slug":"lerdo-susy-torrecillas-presente-en-toma-de-posesion-del-nuevo-comandante-del-72-batallon-de-infanteria","status":"publish","type":"post","link":"https:\/\/zonalimitrofe-cbnr.com\/index.php\/2026\/05\/01\/lerdo-susy-torrecillas-presente-en-toma-de-posesion-del-nuevo-comandante-del-72-batallon-de-infanteria\/","title":{"rendered":"#Lerdo. SUSY TORRECILLAS PRESENTE EN TOMA DE POSESI\u00d3N DEL NUEVO COMANDANTE DEL 72 BATALL\u00d3N DE INFANTER\u00cdA*"},"content":{"rendered":"\n<ul>\n<li>La Alcaldesa de Lerdo fortalece la coordinaci\u00f3n con la SEDENA<\/li>\n<\/ul>\n\n\n\n<p>Lerdo, 01 de mayo de 2026.- La ma\u00f1ana de este viernes, la Presidenta Municipal Susy Carolina Torrecillas Salazar, asisti\u00f3 al acto protocolario de la Ceremonia de Toma de Posesi\u00f3n del Mando y Protesta de Bandera del C. Teniente Coronel de Infanter\u00eda E.M. Eliodoro Nicol\u00e1s Rosas, como nuevo Comandante del 72 Batall\u00f3n de Infanter\u00eda.<\/p>\n\n\n\n<p>El evento fue presidido por el Comandante de la 10\/a Zona Militar, General Brigadier de Estado Mayor Javier Guzm\u00e1n Alvarado, acompa\u00f1ado por el General Brigadier de E.M. Omar Le\u00f3n Arroyo, Comandante del Mando Especial La Laguna; as\u00ed como por autoridades municipales, entre ellas la Presidenta de Mapim\u00ed, Marina de Llano, y el Alcalde de Tlahualilo, Alfredo Hern\u00e1ndez Mart\u00ednez.<\/p>\n\n\n\n<p>De acuerdo con el Reglamento del Ceremonial Militar, se rindieron los honores correspondientes al L\u00e1baro Patrio por parte de las Fuerzas Armadas.<\/p>\n\n\n\n<p>En cumplimiento del art\u00edculo 77 del Reglamento del Ceremonial Militar, el General Javier Guzm\u00e1n Alvarado procedi\u00f3 a la toma de posesi\u00f3n del mando y protesta de bandera del Teniente Coronel de Infanter\u00eda E.M. Eliodoro Nicol\u00e1s Rosas, quien asume el cargo por acuerdo de la Presidenta de la Rep\u00fablica, causando alta como Comandante Interino del 72 Batall\u00f3n de Infanter\u00eda.<\/p>\n\n\n\n<p>Al concluir el evento, la Presidenta Municipal Susy Torrecillas, reiter\u00f3 su disposici\u00f3n de continuar trabajando de manera coordinada con las Fuerzas Armadas, con el firme prop\u00f3sito de preservar la paz y la tranquilidad en el municipio.<\/p>\n","protected":false},"excerpt":{"rendered":"<p>Lerdo, 01 de mayo de 2026.- La ma\u00f1ana de este viernes, la Presidenta Municipal Susy Carolina Torrecillas Salazar, asisti\u00f3 al acto protocolario de la Ceremonia de Toma de Posesi\u00f3n del Mando y Protesta de Bandera del C. Teniente Coronel de Infanter\u00eda E.M. Eliodoro Nicol\u00e1s Rosas, como nuevo Comandante del 72 Batall\u00f3n de Infanter\u00eda. El evento [&hellip;]<\/p>\n","protected":false},"author":1,"featured_media":30593,"comment_status":"open","ping_status":"open","sticky":false,"template":"","format":"standard","meta":{"_monsterinsights_skip_tracking":false,"_monsterinsights_sitenote_active":false,"_monsterinsights_sitenote_note":"","_monsterinsights_sitenote_category":0,"footnotes":""},"categories":[1],"tags":[],"_links":{"self":[{"href":"https:\/\/zonalimitrofe-cbnr.com\/index.php\/wp-json\/wp\/v2\/posts\/30592"}],"collection":[{"href":"https:\/\/zonalimitrofe-cbnr.com\/index.php\/wp-json\/wp\/v2\/posts"}],"about":[{"href":"https:\/\/zonalimitrofe-cbnr.com\/index.php\/wp-json\/wp\/v2\/types\/post"}],"author":[{"embeddable":true,"href":"https:\/\/zonalimitrofe-cbnr.com\/index.php\/wp-json\/wp\/v2\/users\/1"}],"replies":[{"embeddable":true,"href":"https:\/\/zonalimitrofe-cbnr.com\/index.php\/wp-json\/wp\/v2\/comments?post=30592"}],"version-history":[{"count":1,"href":"https:\/\/zonalimitrofe-cbnr.com\/index.php\/wp-json\/wp\/v2\/posts\/30592\/revisions"}],"predecessor-version":[{"id":30594,"href":"https:\/\/zonalimitrofe-cbnr.com\/index.php\/wp-json\/wp\/v2\/posts\/30592\/revisions\/30594"}],"wp:featuredmedia":[{"embeddable":true,"href":"https:\/\/zonalimitrofe-cbnr.com\/index.php\/wp-json\/wp\/v2\/media\/30593"}],"wp:attachment":[{"href":"https:\/\/zonalimitrofe-cbnr.com\/index.php\/wp-json\/wp\/v2\/media?parent=30592"}],"wp:term":[{"taxonomy":"category","embeddable":true,"href":"https:\/\/zonalimitrofe-cbnr.com\/index.php\/wp-json\/wp\/v2\/categories?post=30592"},{"taxonomy":"post_tag","embeddable":true,"href":"https:\/\/zonalimitrofe-cbnr.com\/index.php\/wp-json\/wp\/v2\/tags?post=30592"}],"curies":[{"name":"wp","href":"https:\/\/api.w.org\/{rel}","templated":true}]}}