{"id":30586,"date":"2026-05-01T19:56:22","date_gmt":"2026-05-02T01:56:22","guid":{"rendered":"https:\/\/zonalimitrofe-cbnr.com\/?p=30586"},"modified":"2026-05-01T19:56:22","modified_gmt":"2026-05-02T01:56:22","slug":"durango-mas-y-mejores-empleos-la-mejor-forma-de-homenajearlos-gobernador-esteban-reconoce-a-trabajadores-duranguenses","status":"publish","type":"post","link":"https:\/\/zonalimitrofe-cbnr.com\/index.php\/2026\/05\/01\/durango-mas-y-mejores-empleos-la-mejor-forma-de-homenajearlos-gobernador-esteban-reconoce-a-trabajadores-duranguenses\/","title":{"rendered":"#Durango. M\u00e1s y mejores empleos, la mejor forma de homenajearlos: Gobernador Esteban reconoce a trabajadores duranguenses*"},"content":{"rendered":"\n<ul>\n<li><em>Se refrenda respeto a la clase trabajadora y se apuesta por mejores oportunidades laborales.<\/em><\/li>\n\n\n\n<li><em>Dirigentes sindicales llaman a fortalecer derechos y atender retos actuales del sector laboral.<\/em><\/li>\n<\/ul>\n\n\n\n<p>En el marco del D\u00eda del Trabajo, el gobernador Esteban Villegas Villarreal reconoci\u00f3 el esfuerzo diario de las y los trabajadores y reiter\u00f3 su compromiso de seguir generando m\u00e1s empleos y mejor pagados en Durango. Se\u00f1al\u00f3 que la mejor forma de homenajear a la clase trabajadora es abrir nuevas oportunidades laborales, mejorar salarios y garantizar prestaciones justas para las familias.<\/p>\n\n\n\n<p>Esteban Villegas se\u00f1al\u00f3 que se trabaja para atraer nuevas empresas que fortalezcan la econom\u00eda del estado y mejoren las condiciones de quienes trabajan todos los d\u00edas. Adelant\u00f3 que este a\u00f1o habr\u00e1 buenas noticias en materia de empleo que impulsen la econom\u00eda de Durango.<\/p>\n\n\n\n<p>Con un acto c\u00edvico junto al busto de Jos\u00e9 Mar\u00eda Morelos y Pav\u00f3n iniciaron las actividades por el D\u00eda del Trabajo, donde autoridades y representantes sindicales rindieron homenaje a la lucha obrera. Posteriormente, contingentes de distintos gremios partieron desde el cruce de 5 de Febrero y Norman Fuentes en el tradicional desfile por el centro hist\u00f3rico, que concluy\u00f3 frente al Museo Francisco Villa, donde los trabajadores reafirmaron sus demandas y unidad.<\/p>\n\n\n\n<p>Por su parte, la secretaria del Trabajo, Berenice Morales de \u00c1vila, record\u00f3 que esta fecha representa una lucha hist\u00f3rica por la dignidad y los derechos laborales, desde las jornadas de ocho horas hasta la justicia en el trabajo. Se\u00f1al\u00f3 que hoy el reto es seguir avanzando en condiciones m\u00e1s justas, con respeto, equidad y mejores oportunidades para todas y todos.<\/p>\n\n\n\n<p>El dirigente de la Secci\u00f3n 44 de los trabajadores de la educaci\u00f3n, Efr\u00e9n Estrada Reyes, destac\u00f3 la importancia de mantener la unidad de los trabajadores y defender derechos como jornadas justas, descanso digno y mejores condiciones laborales, adem\u00e1s de se\u00f1alar nuevos retos como la desconexi\u00f3n digital y la salud laboral.<\/p>\n\n\n\n<p>En representaci\u00f3n de la CTM, Ricardo Pacheco, plante\u00f3 la necesidad de mejorar los salarios contractuales, reducir la carga fiscal a los trabajadores y atender el impacto de la inflaci\u00f3n en la econom\u00eda familiar, al se\u00f1alar que a\u00fan existen brechas importantes frente al aumento del salario m\u00ednimo.<\/p>\n\n\n\n<p>Finalmente, el secretario general de la Secci\u00f3n 12 del SNTE, Alfonso Herrera Garc\u00eda, reafirm\u00f3 el compromiso del magisterio con la defensa de la educaci\u00f3n p\u00fablica y los derechos laborales, al tiempo que llam\u00f3 a mantener la unidad sindical para avanzar en mejores condiciones salariales, de salud y seguridad social para las y los trabajadores.<\/p>\n","protected":false},"excerpt":{"rendered":"<p>En el marco del D\u00eda del Trabajo, el gobernador Esteban Villegas Villarreal reconoci\u00f3 el esfuerzo diario de las y los trabajadores y reiter\u00f3 su compromiso de seguir generando m\u00e1s empleos y mejor pagados en Durango. Se\u00f1al\u00f3 que la mejor forma de homenajear a la clase trabajadora es abrir nuevas oportunidades laborales, mejorar salarios y garantizar [&hellip;]<\/p>\n","protected":false},"author":1,"featured_media":30587,"comment_status":"open","ping_status":"open","sticky":false,"template":"","format":"standard","meta":{"_monsterinsights_skip_tracking":false,"_monsterinsights_sitenote_active":false,"_monsterinsights_sitenote_note":"","_monsterinsights_sitenote_category":0,"footnotes":""},"categories":[1],"tags":[],"_links":{"self":[{"href":"https:\/\/zonalimitrofe-cbnr.com\/index.php\/wp-json\/wp\/v2\/posts\/30586"}],"collection":[{"href":"https:\/\/zonalimitrofe-cbnr.com\/index.php\/wp-json\/wp\/v2\/posts"}],"about":[{"href":"https:\/\/zonalimitrofe-cbnr.com\/index.php\/wp-json\/wp\/v2\/types\/post"}],"author":[{"embeddable":true,"href":"https:\/\/zonalimitrofe-cbnr.com\/index.php\/wp-json\/wp\/v2\/users\/1"}],"replies":[{"embeddable":true,"href":"https:\/\/zonalimitrofe-cbnr.com\/index.php\/wp-json\/wp\/v2\/comments?post=30586"}],"version-history":[{"count":1,"href":"https:\/\/zonalimitrofe-cbnr.com\/index.php\/wp-json\/wp\/v2\/posts\/30586\/revisions"}],"predecessor-version":[{"id":30588,"href":"https:\/\/zonalimitrofe-cbnr.com\/index.php\/wp-json\/wp\/v2\/posts\/30586\/revisions\/30588"}],"wp:featuredmedia":[{"embeddable":true,"href":"https:\/\/zonalimitrofe-cbnr.com\/index.php\/wp-json\/wp\/v2\/media\/30587"}],"wp:attachment":[{"href":"https:\/\/zonalimitrofe-cbnr.com\/index.php\/wp-json\/wp\/v2\/media?parent=30586"}],"wp:term":[{"taxonomy":"category","embeddable":true,"href":"https:\/\/zonalimitrofe-cbnr.com\/index.php\/wp-json\/wp\/v2\/categories?post=30586"},{"taxonomy":"post_tag","embeddable":true,"href":"https:\/\/zonalimitrofe-cbnr.com\/index.php\/wp-json\/wp\/v2\/tags?post=30586"}],"curies":[{"name":"wp","href":"https:\/\/api.w.org\/{rel}","templated":true}]}}