{"id":30558,"date":"2026-04-29T22:36:18","date_gmt":"2026-04-30T04:36:18","guid":{"rendered":"https:\/\/zonalimitrofe-cbnr.com\/?p=30558"},"modified":"2026-04-29T22:36:19","modified_gmt":"2026-04-30T04:36:19","slug":"torreon-roman-alberto-cepeda-gonzalez-reitera-su-compromiso-de-mantener-a-torreon-seguro","status":"publish","type":"post","link":"https:\/\/zonalimitrofe-cbnr.com\/index.php\/2026\/04\/29\/torreon-roman-alberto-cepeda-gonzalez-reitera-su-compromiso-de-mantener-a-torreon-seguro\/","title":{"rendered":"#Torre\u00f3n. Rom\u00e1n Alberto Cepeda Gonz\u00e1lez reitera su compromiso de mantener a Torre\u00f3n seguro"},"content":{"rendered":"\n<p>Torre\u00f3n, Coahuila. A 29 de abril de 2026<\/p>\n\n\n\n<p>Este mi\u00e9rcoles, durante la decimosexta reuni\u00f3n semanal de seguridad, el alcalde Rom\u00e1n Alberto Cepeda Gonz\u00e1lez reconoci\u00f3 la labor que realizan las distintas corporaciones de los tres \u00f3rdenes de Gobierno, as\u00ed como la participaci\u00f3n de los Consejos representantes de la sociedad civil, para fortalecer la paz social y la tranquilidad en el municipio.<\/p>\n\n\n\n<p>El Presidente Municipal dijo que el trabajo coordinado y la suma de voluntades convertidas en acciones, ha permitido no solo una reducci\u00f3n en los \u00edndices delictivos, sino mejorar tambi\u00e9n en la confianza ciudadana al colocar a Torre\u00f3n entre los primeros lugares de los municipios con menor percepci\u00f3n de inseguridad en el pa\u00eds.<\/p>\n\n\n\n<p>En ese sentido, el edil destac\u00f3 los resultados de la Encuesta Nacional de Seguridad P\u00fablica Urbana (ENSU), y el que Torre\u00f3n contin\u00fae como la segunda ciudad m\u00e1s segura del pa\u00eds, de entre los municipios con m\u00e1s de 500 mil habitantes.<\/p>\n\n\n\n<p>Cepeda Gonz\u00e1lez reiter\u00f3 que continuar\u00e1n las estrategias, la coordinaci\u00f3n y la inversi\u00f3n a seguridad.<\/p>\n\n\n\n<p>Asimismo, exhort\u00f3 a las corporaciones a mantener y reforzar los operativos durante este fin de semana, ante la programaci\u00f3n de eventos de alta concentraci\u00f3n como conciertos, b\u00e9isbol y las m\u00faltiples actividades programadas con motivo del D\u00eda del Ni\u00f1o.<\/p>\n\n\n\n<p>Referente al \u00edndice semanal de incidencia delictiva, el comisario Alfredo Flores Originales, director de la Polic\u00eda de Torre\u00f3n, inform\u00f3 que del 20 al 26 de abril, disminuy\u00f3 el robo a veh\u00edculo con un evento; el robo a local comercial con cuatro eventos; el robo a local comercial con violencia con un evento; y el robo a persona con violencia, con un evento.<\/p>\n\n\n\n<p>Destac\u00f3 los operativos de orden anti ri\u00f1as en distintos sectores, el realizado de forma coordinada en bares y de alcoholemia, los cuales buscan preservar el orden y la seguridad, a trav\u00e9s del fortalecimiento de la presencia de los elementos de la corporaci\u00f3n.<\/p>\n\n\n\n<p>La Polic\u00eda Municipal efectu\u00f3 148 detenciones que fueron remitidas al Ministerio P\u00fablico y 70 al Juez Calificador. El Grupo de Reacci\u00f3n Torre\u00f3n realiz\u00f3 ocho detenciones relacionadas con la posesi\u00f3n de narc\u00f3ticos.<\/p>\n\n\n\n<p>Por su parte, Marco Prone Ram\u00edrez, director administrativo del Centro de Justicia Municipal (CJM), destac\u00f3 que los peritos mantienen vigilancia permanente en los puntos de mayor afluencia y zonas de obra en la ciudad para agilizar la movilidad y prevenir accidentes.<\/p>\n\n\n\n<p>Martha Alicia Faz D\u00e1vila, directora de Tr\u00e1nsito y Vialidad, dio a conocer que entre las infracciones m\u00e1s frecuentes de la semana, se encuentran el estacionarse indebidamente, cambiar intempestivamente de carril, conducir sin precauci\u00f3n, conducir sosteniendo o utilizando tel\u00e9fono celular, adem\u00e1s de circular a mayor velocidad de la permitida.<\/p>\n\n\n\n<p>En su participaci\u00f3n, destac\u00f3 el trabajo en los operativos alcoholemia con la participaci\u00f3n de los Consejos de Vialidad y Seguridad.<\/p>\n\n\n\n<p>Luis Alberto Morales Cort\u00e9s, director general de Movilidad Urbana, indic\u00f3 que como parte de las acciones encaminadas a fortalecer la seguridad vial, en coordinaci\u00f3n con la Direcci\u00f3n de Tr\u00e1nsito y Vialidad, visitaron la Preparatoria Venustiano Carranza para llevar el taller de \u201cEducaci\u00f3n Vial\u201d, adem\u00e1s dieron a conocer el programa \u201cMi primera licencia\u201d, con la participaci\u00f3n de 110 alumnos.<\/p>\n\n\n\n<p>Asimismo, inform\u00f3 que a trav\u00e9s de la capacitaci\u00f3n \u201cConducci\u00f3n defensiva y preventiva\u201d, se brindaron herramientas necesarias a diversos motociclistas para que conduzcan de forma segura y consciente.<\/p>\n\n\n\n<p>Jorge Luis Ju\u00e1rez Llanas, director de Protecci\u00f3n Civil y Bomberos, destac\u00f3 que en el periodo mencionado se llevaron a cabo 120 servicios por parte de las diferentes estaciones.<\/p>\n\n\n\n<p>Inform\u00f3 que se realizaron platicas de prevenci\u00f3n en el k\u00ednder Rosa Armijo Torres, y la Casa Hogar Puente del DIF; adem\u00e1s de capacitaciones para el personal de la Comisi\u00f3n Federal de Electricidad (CFE), estudiantes y profesores de la escuela MEZE, el personal administrativo del Municipio; y asesor\u00edas de primeros auxilios y senderismo, previo a la Carrera Helipuerto Trail Run.<\/p>\n\n\n\n<p>Por parte de Inspecci\u00f3n y Verificaci\u00f3n, el director Pablo Fern\u00e1ndez Llamas, se\u00f1al\u00f3 que los principales reportes que recibi\u00f3 la dependencia mediante el sistema 073, fueron por veh\u00edculos chatarra, con 22 hechos; obstrucci\u00f3n a la v\u00eda publica, con 18; instalaci\u00f3n indebida con 12; condiciones insalubres, con nueve, y por ruido, con seis hechos.<\/p>\n","protected":false},"excerpt":{"rendered":"<p>Torre\u00f3n, Coahuila. A 29 de abril de 2026 Este mi\u00e9rcoles, durante la decimosexta reuni\u00f3n semanal de seguridad, el alcalde Rom\u00e1n Alberto Cepeda Gonz\u00e1lez reconoci\u00f3 la labor que realizan las distintas corporaciones de los tres \u00f3rdenes de Gobierno, as\u00ed como la participaci\u00f3n de los Consejos representantes de la sociedad civil, para fortalecer la paz social y [&hellip;]<\/p>\n","protected":false},"author":1,"featured_media":30559,"comment_status":"open","ping_status":"open","sticky":false,"template":"","format":"standard","meta":{"_monsterinsights_skip_tracking":false,"_monsterinsights_sitenote_active":false,"_monsterinsights_sitenote_note":"","_monsterinsights_sitenote_category":0,"footnotes":""},"categories":[1],"tags":[],"_links":{"self":[{"href":"https:\/\/zonalimitrofe-cbnr.com\/index.php\/wp-json\/wp\/v2\/posts\/30558"}],"collection":[{"href":"https:\/\/zonalimitrofe-cbnr.com\/index.php\/wp-json\/wp\/v2\/posts"}],"about":[{"href":"https:\/\/zonalimitrofe-cbnr.com\/index.php\/wp-json\/wp\/v2\/types\/post"}],"author":[{"embeddable":true,"href":"https:\/\/zonalimitrofe-cbnr.com\/index.php\/wp-json\/wp\/v2\/users\/1"}],"replies":[{"embeddable":true,"href":"https:\/\/zonalimitrofe-cbnr.com\/index.php\/wp-json\/wp\/v2\/comments?post=30558"}],"version-history":[{"count":1,"href":"https:\/\/zonalimitrofe-cbnr.com\/index.php\/wp-json\/wp\/v2\/posts\/30558\/revisions"}],"predecessor-version":[{"id":30560,"href":"https:\/\/zonalimitrofe-cbnr.com\/index.php\/wp-json\/wp\/v2\/posts\/30558\/revisions\/30560"}],"wp:featuredmedia":[{"embeddable":true,"href":"https:\/\/zonalimitrofe-cbnr.com\/index.php\/wp-json\/wp\/v2\/media\/30559"}],"wp:attachment":[{"href":"https:\/\/zonalimitrofe-cbnr.com\/index.php\/wp-json\/wp\/v2\/media?parent=30558"}],"wp:term":[{"taxonomy":"category","embeddable":true,"href":"https:\/\/zonalimitrofe-cbnr.com\/index.php\/wp-json\/wp\/v2\/categories?post=30558"},{"taxonomy":"post_tag","embeddable":true,"href":"https:\/\/zonalimitrofe-cbnr.com\/index.php\/wp-json\/wp\/v2\/tags?post=30558"}],"curies":[{"name":"wp","href":"https:\/\/api.w.org\/{rel}","templated":true}]}}