{"id":30552,"date":"2026-04-29T22:27:46","date_gmt":"2026-04-30T04:27:46","guid":{"rendered":"https:\/\/zonalimitrofe-cbnr.com\/?p=30552"},"modified":"2026-04-29T22:27:47","modified_gmt":"2026-04-30T04:27:47","slug":"lerdo-susy-torrecillas-recibe-de-reconocimiento-de-marisol-rosso-por-la-carrera-nuestros-heroes-2026","status":"publish","type":"post","link":"https:\/\/zonalimitrofe-cbnr.com\/index.php\/2026\/04\/29\/lerdo-susy-torrecillas-recibe-de-reconocimiento-de-marisol-rosso-por-la-carrera-nuestros-heroes-2026\/","title":{"rendered":"#Lerdo. SUSY TORRECILLAS RECIBE DE RECONOCIMIENTO DE MARISOL ROSSO POR LA CARRERA NUESTROS H\u00c9ROES 2026*"},"content":{"rendered":"\n<p>Lerdo, 29 de abril de 2026.- Este mi\u00e9rcoles, la Presidenta Municipal Susy Carolina Torrecillas Salazar, recibi\u00f3 un reconocimiento de manos de la Presidenta Honoraria del DIF Estatl Marisol Rosso Rivera, por la organizaci\u00f3n de la Carrera H\u00e9roes 2026 Evolution,<\/p>\n\n\n\n<p>El acto se llev\u00f3 a cabo en el Sal\u00f3n Azul, con la presencia de autoridades municipales y estatales, entre ellas Juan Jos\u00e9 Carrillo Aldaba, secretario t\u00e9cnico del Ayuntamiento; Rita Irasema Loza Covarrubias, directora del DIF Lerdo; Brenda Calder\u00f3n Carrete, encargada del DIF Regi\u00f3n Laguna; y Jorge Cruz J\u00e1uregui, director operativo del DIF Estatal.<\/p>\n\n\n\n<p>La Alcaldesa estuvo acompa\u00f1ada por miembros de su gabinete, quienes tambi\u00e9n recibieron dicho reconocimiento. Tras el \u00e9xito de la carrera realizada el pasado viernes, en la que participaron m\u00e1s de 4 mil personas, la Alcaldesa reconoci\u00f3 la confianza depositada en su administraci\u00f3n para llevar a cabo este evento familiar.<\/p>\n\n\n\n<p>\u201cTodo esto fue posible gracias a Marisol Rosso, por confiar en nosotros y en nuestro equipo. De manera coordinada logramos superar la meta y contar con el respaldo del se\u00f1or Gobernador y de Marisol\u201d, destac\u00f3 Torrecillas Salazar.<\/p>\n\n\n\n<p>Por su parte, Brenda Calder\u00f3n Carrete agradeci\u00f3 la colaboraci\u00f3n entre los equipos de trabajo, resaltando que se cumpli\u00f3 el objetivo de brindar un evento inolvidable para los ni\u00f1os de la Regi\u00f3n Laguna de Durango.<\/p>\n\n\n\n<p>Posteriormente, Marisol Rosso Rivera hizo entrega del reconocimiento a la presidenta municipal, en agradecimiento por su participaci\u00f3n y anfitrion\u00eda en la realizaci\u00f3n de la Carrera H\u00e9roes 2026.<\/p>\n\n\n\n<p>En su mensaje, la presidenta honoraria del DIF Estatal destac\u00f3 el compromiso y entrega de Susy Carolina Torrecillas Salazar y su equipo, quienes trabajaron antes, durante y despu\u00e9s del evento con causa, logrando recaudar m\u00e1s de 900 mil pesos en beneficio de ni\u00f1as y ni\u00f1os de la Regi\u00f3n Laguna.<\/p>\n\n\n\n<p>Finalmente, la Alcaldesa invit\u00f3 a las autoridades estatales a recorrer las instalaciones del Palacio Municipal, resaltando su valor hist\u00f3rico.<\/p>\n","protected":false},"excerpt":{"rendered":"<p>Lerdo, 29 de abril de 2026.- Este mi\u00e9rcoles, la Presidenta Municipal Susy Carolina Torrecillas Salazar, recibi\u00f3 un reconocimiento de manos de la Presidenta Honoraria del DIF Estatl Marisol Rosso Rivera, por la organizaci\u00f3n de la Carrera H\u00e9roes 2026 Evolution, El acto se llev\u00f3 a cabo en el Sal\u00f3n Azul, con la presencia de autoridades municipales [&hellip;]<\/p>\n","protected":false},"author":1,"featured_media":30553,"comment_status":"open","ping_status":"open","sticky":false,"template":"","format":"standard","meta":{"_monsterinsights_skip_tracking":false,"_monsterinsights_sitenote_active":false,"_monsterinsights_sitenote_note":"","_monsterinsights_sitenote_category":0,"footnotes":""},"categories":[1],"tags":[],"_links":{"self":[{"href":"https:\/\/zonalimitrofe-cbnr.com\/index.php\/wp-json\/wp\/v2\/posts\/30552"}],"collection":[{"href":"https:\/\/zonalimitrofe-cbnr.com\/index.php\/wp-json\/wp\/v2\/posts"}],"about":[{"href":"https:\/\/zonalimitrofe-cbnr.com\/index.php\/wp-json\/wp\/v2\/types\/post"}],"author":[{"embeddable":true,"href":"https:\/\/zonalimitrofe-cbnr.com\/index.php\/wp-json\/wp\/v2\/users\/1"}],"replies":[{"embeddable":true,"href":"https:\/\/zonalimitrofe-cbnr.com\/index.php\/wp-json\/wp\/v2\/comments?post=30552"}],"version-history":[{"count":1,"href":"https:\/\/zonalimitrofe-cbnr.com\/index.php\/wp-json\/wp\/v2\/posts\/30552\/revisions"}],"predecessor-version":[{"id":30554,"href":"https:\/\/zonalimitrofe-cbnr.com\/index.php\/wp-json\/wp\/v2\/posts\/30552\/revisions\/30554"}],"wp:featuredmedia":[{"embeddable":true,"href":"https:\/\/zonalimitrofe-cbnr.com\/index.php\/wp-json\/wp\/v2\/media\/30553"}],"wp:attachment":[{"href":"https:\/\/zonalimitrofe-cbnr.com\/index.php\/wp-json\/wp\/v2\/media?parent=30552"}],"wp:term":[{"taxonomy":"category","embeddable":true,"href":"https:\/\/zonalimitrofe-cbnr.com\/index.php\/wp-json\/wp\/v2\/categories?post=30552"},{"taxonomy":"post_tag","embeddable":true,"href":"https:\/\/zonalimitrofe-cbnr.com\/index.php\/wp-json\/wp\/v2\/tags?post=30552"}],"curies":[{"name":"wp","href":"https:\/\/api.w.org\/{rel}","templated":true}]}}