{"id":30517,"date":"2026-04-28T18:57:02","date_gmt":"2026-04-29T00:57:02","guid":{"rendered":"https:\/\/zonalimitrofe-cbnr.com\/?p=30517"},"modified":"2026-04-28T18:57:03","modified_gmt":"2026-04-29T00:57:03","slug":"lerdo-se-consolida-como-una-de-las-ciudades-mas-seguras-del-pais-gracias-a-la-coordinacion-institucional","status":"publish","type":"post","link":"https:\/\/zonalimitrofe-cbnr.com\/index.php\/2026\/04\/28\/lerdo-se-consolida-como-una-de-las-ciudades-mas-seguras-del-pais-gracias-a-la-coordinacion-institucional\/","title":{"rendered":"#LERDO SE CONSOLIDA COMO UNA DE LAS CIUDADES M\u00c1S SEGURAS DEL PA\u00cdS GRACIAS A LA COORDINACI\u00d3N INSTITUCIONAL*"},"content":{"rendered":"\n<p>Lerdo, 27 de abril 2026.\u2013 De acuerdo con los resultados m\u00e1s recientes del INEGI, a trav\u00e9s de la Encuesta Nacional de Seguridad P\u00fablica Urbana (ENSU), la regi\u00f3n de La Laguna, donde se integra el municipio de Lerdo, registra una percepci\u00f3n de inseguridad del 29.6% al mes de marzo de 2026.<\/p>\n\n\n\n<p>Este resultado posiciona a Lerdo, dentro de su zona metropolitana, entre las ciudades con menor percepci\u00f3n de inseguridad en M\u00e9xico, coloc\u00e1ndolo en el top 10 nacional en seguridad percibida, muy por debajo del promedio nacional de 61.5%.<\/p>\n\n\n\n<p>La mejora sostenida es resultado del trabajo coordinado entre los tres \u00f3rdenes de gobierno, destacando la estrategia del Mando \u00danico de La Laguna, as\u00ed como la participaci\u00f3n de la Secretar\u00eda de la Defensa Nacional, la Guardia Nacional y la Polic\u00eda Estatal, en estrecha colaboraci\u00f3n con el Gobierno Municipal encabezado por la Alcaldesa Susy Torrecillas.<\/p>\n\n\n\n<p>La medici\u00f3n refleja adem\u00e1s una disminuci\u00f3n significativa respecto a diciembre de 2025, cuando el indicador se encontraba en 36.9%, lo que representa una reducci\u00f3n de aproximadamente 7 puntos porcentuales en un trimestre. Esta tendencia positiva se suma al avance sostenido desde 2025, cuando la percepci\u00f3n alcanzaba niveles de 48.8%.<\/p>\n\n\n\n<p>Estos resultados consolidan a Lerdo como un municipio que avanza con firmeza en materia de seguridad, fortaleciendo la confianza ciudadana y mejorando la calidad de vida de sus habitantes.<\/p>\n\n\n\n<p>Las autoridades reiteraron su compromiso de mantener y reforzar las estrategias de prevenci\u00f3n, vigilancia y proximidad social, con especial atenci\u00f3n en espacios p\u00fablicos, transporte y zonas habitacionales.<\/p>\n\n\n\n<p>Con estos avances, Lerdo se posiciona como un referente nacional, demostrando que la coordinaci\u00f3n institucional y el trabajo conjunto son clave para garantizar la seguridad y el bienestar de la poblaci\u00f3n.<\/p>\n\n\n\n<p>01021<\/p>\n","protected":false},"excerpt":{"rendered":"<p>Lerdo, 27 de abril 2026.\u2013 De acuerdo con los resultados m\u00e1s recientes del INEGI, a trav\u00e9s de la Encuesta Nacional de Seguridad P\u00fablica Urbana (ENSU), la regi\u00f3n de La Laguna, donde se integra el municipio de Lerdo, registra una percepci\u00f3n de inseguridad del 29.6% al mes de marzo de 2026. Este resultado posiciona a Lerdo, [&hellip;]<\/p>\n","protected":false},"author":1,"featured_media":30518,"comment_status":"open","ping_status":"open","sticky":false,"template":"","format":"standard","meta":{"_monsterinsights_skip_tracking":false,"_monsterinsights_sitenote_active":false,"_monsterinsights_sitenote_note":"","_monsterinsights_sitenote_category":0,"footnotes":""},"categories":[1],"tags":[],"_links":{"self":[{"href":"https:\/\/zonalimitrofe-cbnr.com\/index.php\/wp-json\/wp\/v2\/posts\/30517"}],"collection":[{"href":"https:\/\/zonalimitrofe-cbnr.com\/index.php\/wp-json\/wp\/v2\/posts"}],"about":[{"href":"https:\/\/zonalimitrofe-cbnr.com\/index.php\/wp-json\/wp\/v2\/types\/post"}],"author":[{"embeddable":true,"href":"https:\/\/zonalimitrofe-cbnr.com\/index.php\/wp-json\/wp\/v2\/users\/1"}],"replies":[{"embeddable":true,"href":"https:\/\/zonalimitrofe-cbnr.com\/index.php\/wp-json\/wp\/v2\/comments?post=30517"}],"version-history":[{"count":1,"href":"https:\/\/zonalimitrofe-cbnr.com\/index.php\/wp-json\/wp\/v2\/posts\/30517\/revisions"}],"predecessor-version":[{"id":30519,"href":"https:\/\/zonalimitrofe-cbnr.com\/index.php\/wp-json\/wp\/v2\/posts\/30517\/revisions\/30519"}],"wp:featuredmedia":[{"embeddable":true,"href":"https:\/\/zonalimitrofe-cbnr.com\/index.php\/wp-json\/wp\/v2\/media\/30518"}],"wp:attachment":[{"href":"https:\/\/zonalimitrofe-cbnr.com\/index.php\/wp-json\/wp\/v2\/media?parent=30517"}],"wp:term":[{"taxonomy":"category","embeddable":true,"href":"https:\/\/zonalimitrofe-cbnr.com\/index.php\/wp-json\/wp\/v2\/categories?post=30517"},{"taxonomy":"post_tag","embeddable":true,"href":"https:\/\/zonalimitrofe-cbnr.com\/index.php\/wp-json\/wp\/v2\/tags?post=30517"}],"curies":[{"name":"wp","href":"https:\/\/api.w.org\/{rel}","templated":true}]}}