{"id":30487,"date":"2026-04-25T18:31:36","date_gmt":"2026-04-26T00:31:36","guid":{"rendered":"https:\/\/zonalimitrofe-cbnr.com\/?p=30487"},"modified":"2026-04-25T18:31:36","modified_gmt":"2026-04-26T00:31:36","slug":"coahuila-vamos-a-defender-la-seguridad-y-calidad-de-vida-de-nuestro-estado-pri","status":"publish","type":"post","link":"https:\/\/zonalimitrofe-cbnr.com\/index.php\/2026\/04\/25\/coahuila-vamos-a-defender-la-seguridad-y-calidad-de-vida-de-nuestro-estado-pri\/","title":{"rendered":"#Coahuila Vamos a defender la seguridad y calidad de vida de nuestro estado: PRI"},"content":{"rendered":"\n<p>\u00b7&nbsp;&nbsp;&nbsp;&nbsp;&nbsp;&nbsp;&nbsp;&nbsp;&nbsp;<strong><em>Toman protesta precandidatos a diputados de la Laguna<\/em><\/strong><\/p>\n\n\n\n<p>Torre\u00f3n, Coahuila, 24 de abril de 2026.- En un ambiente de j\u00fabilo y unidad, rindieron protesta las y los precandidatos a diputados locales de la Regi\u00f3n Laguna, desde donde se lanz\u00f3 un mensaje contundente: el PRI defender\u00e1 las pol\u00edticas p\u00fablicas que permiten que en el estado exista seguridad y una gran calidad de vida.<\/p>\n\n\n\n<p>En sesi\u00f3n ordinaria del Consejo Pol\u00edtico, rindieron protesta como precandidatas y precandidatos: Cristina Amezcua Gonz\u00e1lez por el Distrito 04; Sol Mar\u00eda Luna Adame por el Distrito 07; Ximena Villarreal Blake por el Distrito 08; Ver\u00f3nica Mart\u00ednez Garc\u00eda por el Distrito 09; Felipe Gonz\u00e1lez Miranda por el Distrito 10; y Hugo D\u00e1vila Prado por el Distrito 11.<\/p>\n\n\n\n<p>Al evento asistieron tambi\u00e9n l\u00edderes de sectores y organizaciones, presidentas y presidentes de comit\u00e9s municipales, as\u00ed como la estructura territorial del partido, integrada por liderazgos de colonias y ciudadan\u00eda en general, quienes refrendaron su respaldo al proyecto priista.<\/p>\n\n\n\n<p>En su mensaje, Carlos Robles Loustaunau encendi\u00f3 el \u00e1nimo de la militancia al se\u00f1alar la nueva batalla a la que est\u00e1 llamado el PRI.<\/p>\n\n\n\n<p>\u201cEn nuestro partido hay mujeres y hombres de car\u00e1cter, de convicci\u00f3n y de territorio, que jam\u00e1s han fallado cuando Coahuila los necesita\u201d, expuso. \u201cAqu\u00ed est\u00e1 lo mejor del PRI, aqu\u00ed est\u00e1 su fuerza, su historia y su futuro. Aqu\u00ed hay un partido vivo, firme y de pie, listo para salir con todo\u201d.<\/p>\n\n\n\n<p>Adelant\u00f3 que est\u00e1n preparados para defender lo que se ha construido y ganar con contundencia el carro completo en Coahuila.<\/p>\n\n\n\n<p>Asimismo, reconoci\u00f3 el liderazgo del gobernador Manolo Jim\u00e9nez Salinas, al destacar:<\/p>\n\n\n\n<p>\u201cCuando se gobierna con car\u00e1cter, responsabilidad y amor por la tierra, los resultados s\u00ed llegan. Aqu\u00ed hay gobierno, aqu\u00ed hay resultados y aqu\u00ed hay un proyecto que le cumple a la gente\u201d.<\/p>\n\n\n\n<p>Por su parte, Diego Rodr\u00edguez Canales reforz\u00f3 el llamado a la unidad y al trabajo en equipo, al se\u00f1alar que la calidad de vida que hoy tienen las familias coahuilenses se construy\u00f3 con esfuerzo, no con ocurrencias ni improvisaciones.<\/p>\n\n\n\n<p>\u201cCoahuila es hoy un ejemplo nacional y un referente en calidad de vida, resultado del trabajo en equipo entre ciudadan\u00eda, gobiernos y partido\u201d, advirti\u00f3. \u201cLo que hoy est\u00e1 en juego no es una elecci\u00f3n m\u00e1s, es defender la estabilidad, la seguridad y el futuro del estado, y eso se defiende desde el Congreso\u201d.<\/p>\n\n\n\n<p>Finalmente, asegur\u00f3 que el PRI Coahuila seguir\u00e1 apostando por una pol\u00edtica cercana y efectiva:<\/p>\n\n\n\n<p>\u201cNosotros somos de resultados, creemos en la pol\u00edtica que s\u00ed resuelve, la que protege a las familias y la que est\u00e1 todos los d\u00edas en territorio\u201d, convocando a la militancia a mantenerse unida para seguir dando resultados a la ciudadan\u00eda.<\/p>\n","protected":false},"excerpt":{"rendered":"<p>\u00b7&nbsp;&nbsp;&nbsp;&nbsp;&nbsp;&nbsp;&nbsp;&nbsp;&nbsp;Toman protesta precandidatos a diputados de la Laguna Torre\u00f3n, Coahuila, 24 de abril de 2026.- En un ambiente de j\u00fabilo y unidad, rindieron protesta las y los precandidatos a diputados locales de la Regi\u00f3n Laguna, desde donde se lanz\u00f3 un mensaje contundente: el PRI defender\u00e1 las pol\u00edticas p\u00fablicas que permiten que en el estado exista [&hellip;]<\/p>\n","protected":false},"author":1,"featured_media":30488,"comment_status":"open","ping_status":"open","sticky":false,"template":"","format":"standard","meta":{"_monsterinsights_skip_tracking":false,"_monsterinsights_sitenote_active":false,"_monsterinsights_sitenote_note":"","_monsterinsights_sitenote_category":0,"footnotes":""},"categories":[1],"tags":[],"_links":{"self":[{"href":"https:\/\/zonalimitrofe-cbnr.com\/index.php\/wp-json\/wp\/v2\/posts\/30487"}],"collection":[{"href":"https:\/\/zonalimitrofe-cbnr.com\/index.php\/wp-json\/wp\/v2\/posts"}],"about":[{"href":"https:\/\/zonalimitrofe-cbnr.com\/index.php\/wp-json\/wp\/v2\/types\/post"}],"author":[{"embeddable":true,"href":"https:\/\/zonalimitrofe-cbnr.com\/index.php\/wp-json\/wp\/v2\/users\/1"}],"replies":[{"embeddable":true,"href":"https:\/\/zonalimitrofe-cbnr.com\/index.php\/wp-json\/wp\/v2\/comments?post=30487"}],"version-history":[{"count":1,"href":"https:\/\/zonalimitrofe-cbnr.com\/index.php\/wp-json\/wp\/v2\/posts\/30487\/revisions"}],"predecessor-version":[{"id":30489,"href":"https:\/\/zonalimitrofe-cbnr.com\/index.php\/wp-json\/wp\/v2\/posts\/30487\/revisions\/30489"}],"wp:featuredmedia":[{"embeddable":true,"href":"https:\/\/zonalimitrofe-cbnr.com\/index.php\/wp-json\/wp\/v2\/media\/30488"}],"wp:attachment":[{"href":"https:\/\/zonalimitrofe-cbnr.com\/index.php\/wp-json\/wp\/v2\/media?parent=30487"}],"wp:term":[{"taxonomy":"category","embeddable":true,"href":"https:\/\/zonalimitrofe-cbnr.com\/index.php\/wp-json\/wp\/v2\/categories?post=30487"},{"taxonomy":"post_tag","embeddable":true,"href":"https:\/\/zonalimitrofe-cbnr.com\/index.php\/wp-json\/wp\/v2\/tags?post=30487"}],"curies":[{"name":"wp","href":"https:\/\/api.w.org\/{rel}","templated":true}]}}