{"id":29875,"date":"2026-03-16T18:58:39","date_gmt":"2026-03-17T00:58:39","guid":{"rendered":"https:\/\/zonalimitrofe-cbnr.com\/?p=29875"},"modified":"2026-03-16T18:58:39","modified_gmt":"2026-03-17T00:58:39","slug":"congresocoahuila-facilitar-la-titulacion-y-termino-de-carreras-universitarias-solicita-alfredo-paredes","status":"publish","type":"post","link":"https:\/\/zonalimitrofe-cbnr.com\/index.php\/2026\/03\/16\/congresocoahuila-facilitar-la-titulacion-y-termino-de-carreras-universitarias-solicita-alfredo-paredes\/","title":{"rendered":"#CongresoCoahuila. Facilitar la titulaci\u00f3n y t\u00e9rmino de carreras universitarias, solicita Alfredo Paredes"},"content":{"rendered":"\n<p><strong>Saltillo, Coahuila a 16 de marzo de 2026.- <\/strong>En sesi\u00f3n ordinaria y mediante punto de acuerdo, el diputado Jes\u00fas Alfredo Paredes L\u00f3pez exhort\u00f3 a la Secretar\u00eda de Educaci\u00f3n P\u00fablica federal a que, en coordinaci\u00f3n con sus hom\u00f3logas en los estados, y con las universidades p\u00fablicas y privadas del pa\u00eds, implemente programas para facilitar la conclusi\u00f3n de estudios profesionales de los estudiantes; que, por alg\u00fan motivo, no pudieron terminar en su momento. Seg\u00fan cifras del Instituto Nacional de Estad\u00edstica y Geograf\u00eda (INEGI), alrededor de 40% de mexicanos mayores de 15 a\u00f1os no concluyen estudios de nivel medio superior o superior por factores econ\u00f3micos, falta de apoyo familiar, embarazos tempranos, enfermedades o problemas de salud mental; un sistema educativo poco flexible para quienes trabajan o enfrentan deberes familiares, como cuidado y atenci\u00f3n a familiares enfermos o en situaci\u00f3n de discapacidad, advirti\u00f3 el diputado. La falta de orientaci\u00f3n vocacional es otro factor que pesa considerablemente, ya que, en muchos casos, el alumno o alumna no encuentra la conexi\u00f3n emocional entre lo que sue\u00f1a y desea, y la carrera elegida. As\u00ed mismo, otro sector se desanima y abandona los estudios al no comprender o apreciar el futuro de la profesi\u00f3n seleccionada dentro del mercado laboral. Alfredo Paredes se\u00f1al\u00f3 que el peri\u00f3dico Exc\u00e9lsior reporta que mientras el abandono escolar crece y el retorno econ\u00f3mico de los t\u00edtulos se desploma, las instituciones de educaci\u00f3n superior enfrentan decisiones estrat\u00e9gicas impostergables para redefinir su sentido, su modelo y su valor, en un contexto marcado por el avance acelerado de la inteligencia artificial. Aunque el mercado educativo ofrece facilidades para cursar una carrera universitaria o revalidar materias, esto no alcanza ni beneficia a todos los sectores; pues, se trata, en muchos casos, de tener cierta capacidad financiera. J\u00f3venes, personas de mediana edad y personas adultas mayores tienen derecho a la educaci\u00f3n superior; a aspirar a un empleo, un salario y una vida mejor. La educaci\u00f3n profesional abre puertas cuando se cuenta con t\u00edtulo y c\u00e9dula profesional; para ello, el Estado y las autoridades deben proporcionar apoyos y facilidades a personas que, por alg\u00fan motivo, abandonaron sus estudios; o bien, no han tramitado su t\u00edtulo, aunque ya terminaron su carrera, concluy\u00f3 Jes\u00fas Alfredo Paredes L\u00f3pez.\u00a0<\/p>\n","protected":false},"excerpt":{"rendered":"<p>Saltillo, Coahuila a 16 de marzo de 2026.- En sesi\u00f3n ordinaria y mediante punto de acuerdo, el diputado Jes\u00fas Alfredo Paredes L\u00f3pez exhort\u00f3 a la Secretar\u00eda de Educaci\u00f3n P\u00fablica federal a que, en coordinaci\u00f3n con sus hom\u00f3logas en los estados, y con las universidades p\u00fablicas y privadas del pa\u00eds, implemente programas para facilitar la conclusi\u00f3n [&hellip;]<\/p>\n","protected":false},"author":1,"featured_media":29876,"comment_status":"open","ping_status":"open","sticky":false,"template":"","format":"standard","meta":{"_monsterinsights_skip_tracking":false,"_monsterinsights_sitenote_active":false,"_monsterinsights_sitenote_note":"","_monsterinsights_sitenote_category":0,"footnotes":""},"categories":[1],"tags":[],"_links":{"self":[{"href":"https:\/\/zonalimitrofe-cbnr.com\/index.php\/wp-json\/wp\/v2\/posts\/29875"}],"collection":[{"href":"https:\/\/zonalimitrofe-cbnr.com\/index.php\/wp-json\/wp\/v2\/posts"}],"about":[{"href":"https:\/\/zonalimitrofe-cbnr.com\/index.php\/wp-json\/wp\/v2\/types\/post"}],"author":[{"embeddable":true,"href":"https:\/\/zonalimitrofe-cbnr.com\/index.php\/wp-json\/wp\/v2\/users\/1"}],"replies":[{"embeddable":true,"href":"https:\/\/zonalimitrofe-cbnr.com\/index.php\/wp-json\/wp\/v2\/comments?post=29875"}],"version-history":[{"count":1,"href":"https:\/\/zonalimitrofe-cbnr.com\/index.php\/wp-json\/wp\/v2\/posts\/29875\/revisions"}],"predecessor-version":[{"id":29877,"href":"https:\/\/zonalimitrofe-cbnr.com\/index.php\/wp-json\/wp\/v2\/posts\/29875\/revisions\/29877"}],"wp:featuredmedia":[{"embeddable":true,"href":"https:\/\/zonalimitrofe-cbnr.com\/index.php\/wp-json\/wp\/v2\/media\/29876"}],"wp:attachment":[{"href":"https:\/\/zonalimitrofe-cbnr.com\/index.php\/wp-json\/wp\/v2\/media?parent=29875"}],"wp:term":[{"taxonomy":"category","embeddable":true,"href":"https:\/\/zonalimitrofe-cbnr.com\/index.php\/wp-json\/wp\/v2\/categories?post=29875"},{"taxonomy":"post_tag","embeddable":true,"href":"https:\/\/zonalimitrofe-cbnr.com\/index.php\/wp-json\/wp\/v2\/tags?post=29875"}],"curies":[{"name":"wp","href":"https:\/\/api.w.org\/{rel}","templated":true}]}}