{"id":29872,"date":"2026-03-16T18:54:41","date_gmt":"2026-03-17T00:54:41","guid":{"rendered":"https:\/\/zonalimitrofe-cbnr.com\/?p=29872"},"modified":"2026-03-16T18:54:41","modified_gmt":"2026-03-17T00:54:41","slug":"durango-mama-e-hijo-escuchan-por-primera-vez-sus-voces-con-auxiliares-auditivos-de-conduccion-osea-entregados-por-marisol-rosso-y-el-gobernador-esteban","status":"publish","type":"post","link":"https:\/\/zonalimitrofe-cbnr.com\/index.php\/2026\/03\/16\/durango-mama-e-hijo-escuchan-por-primera-vez-sus-voces-con-auxiliares-auditivos-de-conduccion-osea-entregados-por-marisol-rosso-y-el-gobernador-esteban\/","title":{"rendered":"#Durango. Mam\u00e1 e hijo escuchan por primera vez sus voces con auxiliares auditivos de conducci\u00f3n \u00f3sea entregados por Marisol Rosso y el gobernador Esteban*"},"content":{"rendered":"\n<ul>\n<li><em>M\u00e1s de 3 mil 400 auxiliares auditivos se entregaron en Durango con una inversi\u00f3n cercana a 14 millones de pesos.<\/em><\/li>\n\n\n\n<li><em>Los apoyos benefician a mil 943 personas de Durango y la Regi\u00f3n Laguna, mejorando su comunicaci\u00f3n y calidad de vida.<\/em><\/li>\n<\/ul>\n\n\n\n<p>Las sonrisas, las miradas sorprendidas y las primeras palabras que volvieron a escucharse marcaron una jornada llena de emoci\u00f3n durante la entrega de auxiliares auditivos encabezada por el gobernador Esteban Villegas Villarreal y la presidenta del DIF Estatal, Marisol Rosso Rivera. Entre las historias que dieron sentido a este programa estuvo la de \u00c1ngeles y su hijo Mario, quienes por primera vez pudieron escucharse mutuamente gracias a auxiliares auditivos de conducci\u00f3n \u00f3sea, un momento que reflej\u00f3 el verdadero alcance de esta iniciativa impulsada por el DIF Estatal, el Gobierno del Estado y el Patrimonio de la Beneficencia P\u00fablica.<\/p>\n\n\n\n<p>Acompa\u00f1ado por el presidente municipal To\u00f1o Ochoa, el gobernador destac\u00f3 que estos apoyos representan mucho m\u00e1s que un dispositivo m\u00e9dico. Explic\u00f3 que devolver la audici\u00f3n significa abrir nuevamente la puerta a la comunicaci\u00f3n, al aprendizaje y a la convivencia familiar. Se\u00f1al\u00f3 adem\u00e1s que muchos de estos casos se detectan durante las visitas a comunidades y municipios, donde el contacto directo con la gente permite identificar necesidades que, al atenderse, transforman la vida de las familias.<\/p>\n\n\n\n<p>Villegas Villarreal agreg\u00f3 que la entrega de auxiliares auditivos forma parte de una estrategia integral de atenci\u00f3n a la salud que incluye tambi\u00e9n pr\u00f3tesis, cirug\u00edas de cataratas, lentes, bastones, andaderas y sillas de ruedas, todos entregados de manera gratuita para apoyar a quienes m\u00e1s lo necesitan.<\/p>\n\n\n\n<p>Marisol Rosso explic\u00f3 que detr\u00e1s de cada aparato existe un proceso m\u00e9dico y humano que inicia con la detecci\u00f3n de pacientes en las comunidades, contin\u00faa con estudios audiom\u00e9tricos y la adaptaci\u00f3n personalizada de los dispositivos, y concluye con el acompa\u00f1amiento necesario para asegurar que las personas recuperen plenamente su audici\u00f3n. Destac\u00f3 tambi\u00e9n el trabajo coordinado con Maru Orrante, directora de la Beneficencia P\u00fablica de la Secretar\u00eda de Salud, instancia que participa en la gesti\u00f3n y entrega de estos apoyos para que lleguen a quienes m\u00e1s lo necesitan.<\/p>\n\n\n\n<p>En total, el Gobierno del Estado y el DIF Estatal entregaron m\u00e1s de 3 mil 400 auxiliares auditivos y cinco sistemas de conducci\u00f3n \u00f3sea, estos \u00faltimos con un valor aproximado de 72 mil 600 pesos cada uno. Los apoyos beneficiaron a mil 943 personas de Durango y la Regi\u00f3n Laguna. La inversi\u00f3n alcanz\u00f3 14 millones 283 mil pesos, recursos que hoy se traducen en nuevas oportunidades de comunicaci\u00f3n, aprendizaje e inclusi\u00f3n.<\/p>\n\n\n\n<p>El alcalde To\u00f1o Ochoa resalt\u00f3 que estas acciones reflejan el trabajo coordinado entre los distintos niveles de gobierno para mejorar la calidad de vida de las familias. Se\u00f1al\u00f3 que la entrega de auxiliares auditivos permitir\u00e1 que miles de personas se comuniquen mejor con sus seres queridos y se integren plenamente a la vida social y familiar.<\/p>\n\n\n\n<p>Entre los testimonios que conmovieron a los asistentes estuvo el de Asunci\u00f3n Celaya, quien comparti\u00f3 que, despu\u00e9s de a\u00f1os sin escuchar con claridad, volvi\u00f3 a percibir sonidos tan simples y valiosos como el canto de los p\u00e1jaros o las voces de su familia. Como ella, muchas personas volvieron a escuchar palabras que parec\u00edan lejanas, como \u201cmam\u00e1\u201d o \u201cte quiero\u201d, recordando que estos apoyos no solo devuelven la audici\u00f3n, sino tambi\u00e9n la esperanza de vivir con mayor plenitud.<\/p>\n\n\n\n<p>Finalmente, Mois\u00e9s N\u00e1jera Torres, Secretario de Salud, subray\u00f3 que la indicaci\u00f3n del gobernador ha sido clara: atender primero a quienes m\u00e1s lo necesitan, ya que recuperar la audici\u00f3n significa tambi\u00e9n prevenir el aislamiento social y fortalecer el desarrollo personal.<\/p>\n","protected":false},"excerpt":{"rendered":"<p>Las sonrisas, las miradas sorprendidas y las primeras palabras que volvieron a escucharse marcaron una jornada llena de emoci\u00f3n durante la entrega de auxiliares auditivos encabezada por el gobernador Esteban Villegas Villarreal y la presidenta del DIF Estatal, Marisol Rosso Rivera. Entre las historias que dieron sentido a este programa estuvo la de \u00c1ngeles y [&hellip;]<\/p>\n","protected":false},"author":1,"featured_media":29873,"comment_status":"open","ping_status":"open","sticky":false,"template":"","format":"standard","meta":{"_monsterinsights_skip_tracking":false,"_monsterinsights_sitenote_active":false,"_monsterinsights_sitenote_note":"","_monsterinsights_sitenote_category":0,"footnotes":""},"categories":[1],"tags":[],"_links":{"self":[{"href":"https:\/\/zonalimitrofe-cbnr.com\/index.php\/wp-json\/wp\/v2\/posts\/29872"}],"collection":[{"href":"https:\/\/zonalimitrofe-cbnr.com\/index.php\/wp-json\/wp\/v2\/posts"}],"about":[{"href":"https:\/\/zonalimitrofe-cbnr.com\/index.php\/wp-json\/wp\/v2\/types\/post"}],"author":[{"embeddable":true,"href":"https:\/\/zonalimitrofe-cbnr.com\/index.php\/wp-json\/wp\/v2\/users\/1"}],"replies":[{"embeddable":true,"href":"https:\/\/zonalimitrofe-cbnr.com\/index.php\/wp-json\/wp\/v2\/comments?post=29872"}],"version-history":[{"count":1,"href":"https:\/\/zonalimitrofe-cbnr.com\/index.php\/wp-json\/wp\/v2\/posts\/29872\/revisions"}],"predecessor-version":[{"id":29874,"href":"https:\/\/zonalimitrofe-cbnr.com\/index.php\/wp-json\/wp\/v2\/posts\/29872\/revisions\/29874"}],"wp:featuredmedia":[{"embeddable":true,"href":"https:\/\/zonalimitrofe-cbnr.com\/index.php\/wp-json\/wp\/v2\/media\/29873"}],"wp:attachment":[{"href":"https:\/\/zonalimitrofe-cbnr.com\/index.php\/wp-json\/wp\/v2\/media?parent=29872"}],"wp:term":[{"taxonomy":"category","embeddable":true,"href":"https:\/\/zonalimitrofe-cbnr.com\/index.php\/wp-json\/wp\/v2\/categories?post=29872"},{"taxonomy":"post_tag","embeddable":true,"href":"https:\/\/zonalimitrofe-cbnr.com\/index.php\/wp-json\/wp\/v2\/tags?post=29872"}],"curies":[{"name":"wp","href":"https:\/\/api.w.org\/{rel}","templated":true}]}}