{"id":29829,"date":"2026-03-14T13:57:36","date_gmt":"2026-03-14T19:57:36","guid":{"rendered":"https:\/\/zonalimitrofe-cbnr.com\/?p=29829"},"modified":"2026-03-14T13:57:36","modified_gmt":"2026-03-14T19:57:36","slug":"durango-tendra-un-nuevo-pulmon-urbano-el-gobernador-esteban-firma-convenio-con-conafor-para-desarrollar-el-bosque-urbano-francisco-villa","status":"publish","type":"post","link":"https:\/\/zonalimitrofe-cbnr.com\/index.php\/2026\/03\/14\/durango-tendra-un-nuevo-pulmon-urbano-el-gobernador-esteban-firma-convenio-con-conafor-para-desarrollar-el-bosque-urbano-francisco-villa\/","title":{"rendered":"#Durango tendr\u00e1 un nuevo pulm\u00f3n urbano; el gobernador Esteban firma convenio con CONAFOR para desarrollar el Bosque Urbano Francisco Villa*"},"content":{"rendered":"\n<p>* _Inversi\u00f3n conjunta de 30 mdp para iniciar el nuevo bosque urbano que mejorar\u00e1 el medio ambiente en la ciudad._<\/p>\n\n\n\n<p>* _El proyecto contempla 40 hect\u00e1reas en el oriente de la ciudad para generar un nuevo pulm\u00f3n y espacio de convivencia familiar._<\/p>\n\n\n\n<p>El gobernador Esteban Villegas Villarreal y el director general de la Comisi\u00f3n Nacional Forestal (CONAFOR), Sergio Humberto Graf Montero, firmaron un convenio de colaboraci\u00f3n para poner en marcha el Proyecto Bosque Urbano Francisco Villa, el cual forma parte del Programa Nacional de Restauraci\u00f3n Ambiental 2025-2030 de la SEMARNAT, un nuevo espacio verde que se desarrollar\u00e1 en el oriente de la ciudad de Durango con el objetivo de fortalecer el medio ambiente y mejorar la calidad de vida de las familias.<\/p>\n\n\n\n<p>Este proyecto contempla la creaci\u00f3n de un bosque urbano de 40 hect\u00e1reas, que se ubicar\u00e1 cerca de la Unidad Deportiva Mario V\u00e1zquez Ra\u00f1a, en una zona que anteriormente funcion\u00f3 como basurero. Con ello se busca generar un nuevo pulm\u00f3n para la capital del estado, especialmente en una de las \u00e1reas m\u00e1s pobladas y con mayores niveles de contaminaci\u00f3n.<\/p>\n\n\n\n<p>Villegas Villarreal subray\u00f3 que este nuevo bosque urbano ser\u00e1 un legado para las pr\u00f3ximas generaciones, al ofrecer un espacio para la recreaci\u00f3n, la convivencia familiar y el cuidado del medio ambiente, adem\u00e1s de contribuir a mejorar las condiciones ambientales en el oriente de la ciudad.<\/p>\n\n\n\n<p>Por su parte, Sergio Graf se\u00f1al\u00f3 que este proyecto se realiza en coordinaci\u00f3n entre la CONAFOR, la Secretar\u00eda de Medio Ambiente y Recursos Naturales y el Gobierno del Estado, donde la comisi\u00f3n aportar\u00e1 acciones de vegetaci\u00f3n y revegetaci\u00f3n como parte del desarrollo del nuevo parque. Destac\u00f3 que el Bosque Urbano Francisco Villa ser\u00e1 un proyecto importante para la ciudad de Durango y para el fortalecimiento de sus \u00e1reas verdes.<\/p>\n\n\n\n<p>Con la presencia de Alma Guadalupe Ben\u00edtez, promotora federal de la CONAFOR en Durango, la secretaria de Recursos Naturales y Medio Ambiente, Claudia Hern\u00e1ndez Espino, se\u00f1al\u00f3 que este proyecto se trabaj\u00f3 durante m\u00e1s de un a\u00f1o en coordinaci\u00f3n con la dependencia federal y que en su primera etapa contempla una inversi\u00f3n conjunta de 30 millones de pesos, con aportaciones de 15 millones de pesos por parte de la CONAFOR y 15 millones del Gobierno del Estado para iniciar este mismo a\u00f1o la creaci\u00f3n del Bosque Urbano Francisco Villa, un espacio que fortalecer\u00e1 el medio ambiente y brindar\u00e1 \u00e1reas de recreaci\u00f3n para las familias duranguenses.<\/p>\n","protected":false},"excerpt":{"rendered":"<p>* _Inversi\u00f3n conjunta de 30 mdp para iniciar el nuevo bosque urbano que mejorar\u00e1 el medio ambiente en la ciudad._ * _El proyecto contempla 40 hect\u00e1reas en el oriente de la ciudad para generar un nuevo pulm\u00f3n y espacio de convivencia familiar._ El gobernador Esteban Villegas Villarreal y el director general de la Comisi\u00f3n Nacional [&hellip;]<\/p>\n","protected":false},"author":1,"featured_media":29830,"comment_status":"open","ping_status":"open","sticky":false,"template":"","format":"standard","meta":{"_monsterinsights_skip_tracking":false,"_monsterinsights_sitenote_active":false,"_monsterinsights_sitenote_note":"","_monsterinsights_sitenote_category":0,"footnotes":""},"categories":[1],"tags":[],"_links":{"self":[{"href":"https:\/\/zonalimitrofe-cbnr.com\/index.php\/wp-json\/wp\/v2\/posts\/29829"}],"collection":[{"href":"https:\/\/zonalimitrofe-cbnr.com\/index.php\/wp-json\/wp\/v2\/posts"}],"about":[{"href":"https:\/\/zonalimitrofe-cbnr.com\/index.php\/wp-json\/wp\/v2\/types\/post"}],"author":[{"embeddable":true,"href":"https:\/\/zonalimitrofe-cbnr.com\/index.php\/wp-json\/wp\/v2\/users\/1"}],"replies":[{"embeddable":true,"href":"https:\/\/zonalimitrofe-cbnr.com\/index.php\/wp-json\/wp\/v2\/comments?post=29829"}],"version-history":[{"count":1,"href":"https:\/\/zonalimitrofe-cbnr.com\/index.php\/wp-json\/wp\/v2\/posts\/29829\/revisions"}],"predecessor-version":[{"id":29831,"href":"https:\/\/zonalimitrofe-cbnr.com\/index.php\/wp-json\/wp\/v2\/posts\/29829\/revisions\/29831"}],"wp:featuredmedia":[{"embeddable":true,"href":"https:\/\/zonalimitrofe-cbnr.com\/index.php\/wp-json\/wp\/v2\/media\/29830"}],"wp:attachment":[{"href":"https:\/\/zonalimitrofe-cbnr.com\/index.php\/wp-json\/wp\/v2\/media?parent=29829"}],"wp:term":[{"taxonomy":"category","embeddable":true,"href":"https:\/\/zonalimitrofe-cbnr.com\/index.php\/wp-json\/wp\/v2\/categories?post=29829"},{"taxonomy":"post_tag","embeddable":true,"href":"https:\/\/zonalimitrofe-cbnr.com\/index.php\/wp-json\/wp\/v2\/tags?post=29829"}],"curies":[{"name":"wp","href":"https:\/\/api.w.org\/{rel}","templated":true}]}}