{"id":29826,"date":"2026-03-14T13:52:12","date_gmt":"2026-03-14T19:52:12","guid":{"rendered":"https:\/\/zonalimitrofe-cbnr.com\/?p=29826"},"modified":"2026-03-14T13:52:13","modified_gmt":"2026-03-14T19:52:13","slug":"lerdo-sostiene-susy-torrecillas-encuentro-con-el-colegio-metropolitano-de-arquitectos","status":"publish","type":"post","link":"https:\/\/zonalimitrofe-cbnr.com\/index.php\/2026\/03\/14\/lerdo-sostiene-susy-torrecillas-encuentro-con-el-colegio-metropolitano-de-arquitectos\/","title":{"rendered":"#Lerdo. SOSTIENE SUSY TORRECILLAS ENCUENTRO CON EL COLEGIO METROPOLITANO DE ARQUITECTOS*"},"content":{"rendered":"\n<p>Lerdo, 13 de marzo 2026.- La Presidenta Municipal Susy Carolina Torrecillas Salazar, sostuvo este viernes un encuentro con integrantes del Colegio Metropolitano de Arquitectos, con el objetivo de fortalecer el di\u00e1logo y la colaboraci\u00f3n para el desarrollo urbano y el crecimiento ordenado del municipio.<\/p>\n\n\n\n<p>La reuni\u00f3n se llev\u00f3 a cabo en el Sal\u00f3n Azul de la Presidencia Municipal, donde la Alcaldesa recibi\u00f3 al presidente del colegio, Rodolfo Sep\u00falveda Ortega; al secretario Joel Guti\u00e9rrez Rodr\u00edguez; y al tesorero Mario Antonio Amezcua, as\u00ed como a integrantes del organismo y directores de distintas \u00e1reas del Ayuntamiento.<\/p>\n\n\n\n<p>Durante su mensaje, la Alcaldesa expres\u00f3 su inter\u00e9s por trabajar de manera coordinada con los profesionales de la arquitectura para impulsar proyectos que permitan mejorar la imagen urbana y detonar el desarrollo de la ciudad.<\/p>\n\n\n\n<p>\u201cEstoy encantada de tenerlos aqu\u00ed para construir un di\u00e1logo constructivo y saber c\u00f3mo les interesar\u00eda trabajar con nosotros en Lerdo\u201d, expres\u00f3.<\/p>\n\n\n\n<p>Torrecillas Salazar record\u00f3 que Lerdo tiene una importancia hist\u00f3rica en la regi\u00f3n, al se\u00f1alar que fue uno de los primeros asentamientos humanos con la fundaci\u00f3n de San Fernando de Casta y que desde este punto se construy\u00f3 gran parte de la Comarca Lagunera.<\/p>\n\n\n\n<p>Asimismo, indic\u00f3 que actualmente su administraci\u00f3n trabaja con una visi\u00f3n clara para impulsar el crecimiento del municipio, facilitando permisos para nuevos desarrollos y promoviendo una ciudad ordenada y atractiva.<\/p>\n\n\n\n<p>Destac\u00f3 que su agenda se basa principalmente en tres ejes: impulsar la obra p\u00fablica, atraer inversiones y fortalecer las condiciones que permitan el desarrollo econ\u00f3mico.<\/p>\n\n\n\n<p>\u201cCuando hay obra a la gente le va bien, porque se genera una derrama econ\u00f3mica\u201d, afirm\u00f3.<\/p>\n\n\n\n<p>En ese sentido, se\u00f1al\u00f3 que el Gobierno Municipal busca atraer inversi\u00f3n privada tanto en vivienda como en infraestructura comercial, adem\u00e1s de fortalecer \u00e1reas clave como la salud, el deporte, la cultura y el turismo.<\/p>\n\n\n\n<p>A\u00f1adi\u00f3 que Lerdo cuenta con importantes ventajas competitivas, como la disponibilidad de agua, la seguridad y su amplio territorio, aspectos que se refuerzan mediante el trabajo coordinado con la Comisi\u00f3n Nacional del Agua y el Mando Especial de La Laguna.<\/p>\n\n\n\n<p>La Alcaldesa adelant\u00f3 que en los pr\u00f3ximos d\u00edas se presentar\u00e1n proyectos importantes para el municipio, entre ellos el Parque Victoria, el Mercado Donato Guerra, el Parque Nacional Raymundo y el vivero Las Auras.<\/p>\n\n\n\n<p>Por su parte, el presidente del Colegio Metropolitano de Arquitectos, Rodolfo Sep\u00falveda Ortega, destac\u00f3 la importancia de que el desarrollo urbano se base en principios de seguridad y funcionalidad.<\/p>\n\n\n\n<p>\u201cReconozcamos que siempre se puede mejorar lo que ya se ha hecho. Agradecemos este momento y su recibimiento\u201d, expres\u00f3.<\/p>\n\n\n\n<p>En el encuentro tambi\u00e9n particip\u00f3 el secretario del Ayuntamiento, Aldo Rubio, quien se\u00f1al\u00f3 que los arquitectos son quienes dise\u00f1an el futuro de las ciudades con una visi\u00f3n consciente, lo cual coincide con el proyecto de desarrollo que impulsa la actual administraci\u00f3n.<\/p>\n\n\n\n<p>De igual forma, el coordinador de gabinete, Juan Jos\u00e9 Carrillo, subray\u00f3 que la opini\u00f3n y participaci\u00f3n de organismos especializados es fundamental para lograr un crecimiento ordenado de Lerdo a trav\u00e9s de los planes de desarrollo.<\/p>\n\n\n\n<p>En la reuni\u00f3n estuvieron presentes directores de \u00e1reas como Desarrollo Urbano, Obras P\u00fablicas, Catastro y Medio Ambiente, quienes dialogaron con los integrantes del colegio sobre los retos y oportunidades para el crecimiento del municipio.<\/p>\n","protected":false},"excerpt":{"rendered":"<p>Lerdo, 13 de marzo 2026.- La Presidenta Municipal Susy Carolina Torrecillas Salazar, sostuvo este viernes un encuentro con integrantes del Colegio Metropolitano de Arquitectos, con el objetivo de fortalecer el di\u00e1logo y la colaboraci\u00f3n para el desarrollo urbano y el crecimiento ordenado del municipio. La reuni\u00f3n se llev\u00f3 a cabo en el Sal\u00f3n Azul de [&hellip;]<\/p>\n","protected":false},"author":1,"featured_media":29827,"comment_status":"open","ping_status":"open","sticky":false,"template":"","format":"standard","meta":{"_monsterinsights_skip_tracking":false,"_monsterinsights_sitenote_active":false,"_monsterinsights_sitenote_note":"","_monsterinsights_sitenote_category":0,"footnotes":""},"categories":[1],"tags":[],"_links":{"self":[{"href":"https:\/\/zonalimitrofe-cbnr.com\/index.php\/wp-json\/wp\/v2\/posts\/29826"}],"collection":[{"href":"https:\/\/zonalimitrofe-cbnr.com\/index.php\/wp-json\/wp\/v2\/posts"}],"about":[{"href":"https:\/\/zonalimitrofe-cbnr.com\/index.php\/wp-json\/wp\/v2\/types\/post"}],"author":[{"embeddable":true,"href":"https:\/\/zonalimitrofe-cbnr.com\/index.php\/wp-json\/wp\/v2\/users\/1"}],"replies":[{"embeddable":true,"href":"https:\/\/zonalimitrofe-cbnr.com\/index.php\/wp-json\/wp\/v2\/comments?post=29826"}],"version-history":[{"count":1,"href":"https:\/\/zonalimitrofe-cbnr.com\/index.php\/wp-json\/wp\/v2\/posts\/29826\/revisions"}],"predecessor-version":[{"id":29828,"href":"https:\/\/zonalimitrofe-cbnr.com\/index.php\/wp-json\/wp\/v2\/posts\/29826\/revisions\/29828"}],"wp:featuredmedia":[{"embeddable":true,"href":"https:\/\/zonalimitrofe-cbnr.com\/index.php\/wp-json\/wp\/v2\/media\/29827"}],"wp:attachment":[{"href":"https:\/\/zonalimitrofe-cbnr.com\/index.php\/wp-json\/wp\/v2\/media?parent=29826"}],"wp:term":[{"taxonomy":"category","embeddable":true,"href":"https:\/\/zonalimitrofe-cbnr.com\/index.php\/wp-json\/wp\/v2\/categories?post=29826"},{"taxonomy":"post_tag","embeddable":true,"href":"https:\/\/zonalimitrofe-cbnr.com\/index.php\/wp-json\/wp\/v2\/tags?post=29826"}],"curies":[{"name":"wp","href":"https:\/\/api.w.org\/{rel}","templated":true}]}}