{"id":29801,"date":"2026-03-12T19:17:12","date_gmt":"2026-03-13T01:17:12","guid":{"rendered":"https:\/\/zonalimitrofe-cbnr.com\/?p=29801"},"modified":"2026-03-12T19:17:13","modified_gmt":"2026-03-13T01:17:13","slug":"lerdo-susy-torrecillas-reapertura-centro-de-salud-del-ejido-seis-de-enero","status":"publish","type":"post","link":"https:\/\/zonalimitrofe-cbnr.com\/index.php\/2026\/03\/12\/lerdo-susy-torrecillas-reapertura-centro-de-salud-del-ejido-seis-de-enero\/","title":{"rendered":"#Lerdo. SUSY TORRECILLAS REAPERTURA CENTRO DE SALUD DEL EJIDO SEIS DE ENERO*"},"content":{"rendered":"\n<p>Lerdo, 12 de marzo de 2026.- La tarde del pasado mi\u00e9rcoles, la Presidenta Municipal Susy Carolina Torrecillas Salazar llev\u00f3 a cabo la reapertura de la Cl\u00ednica Municipal de Salud del ejido Seis de Enero, con el objetivo de acercar servicios m\u00e9dicos b\u00e1sicos a las familias de esta comunidad y de localidades cercanas.<\/p>\n\n\n\n<p>En su intervenci\u00f3n la Presidenta Municipal, destac\u00f3 que los compromisos de campa\u00f1a se cumplen con acciones concretas, por lo que esta cl\u00ednica brindar\u00e1 atenci\u00f3n en dos turnos, no solo a los habitantes de la comunidad, sino a todos los lerdenses que requieran atenci\u00f3n m\u00e9dica ante cualquier situaci\u00f3n de salud.<\/p>\n\n\n\n<p>\u201cEsta cl\u00ednica es para todos ustedes, para que no tengan que trasladarse a otras comunidades ante una emergencia y la atenci\u00f3n pueda ser inmediata. Aqu\u00ed tendremos m\u00e9dicos y enfermeros al servicio de la poblaci\u00f3n\u201d, recalc\u00f3 la Presidenta Susy Torrecillas.<\/p>\n\n\n\n<p>Por su parte, el director de Salud Municipal, Roberto Favela, reconoci\u00f3 la preocupaci\u00f3n y el compromiso de la Presidenta Municipal por fortalecer la atenci\u00f3n en materia de salud, generando las condiciones necesarias para que las familias cuenten con consultas m\u00e9dicas y entrega de medicamentos sin costo alguno para quienes m\u00e1s lo necesitan.<\/p>\n\n\n\n<p>Durante el evento, la Alcaldesa estuvo acompa\u00f1ada por el secretario del Ayuntamiento, Aldo Rubio Mart\u00ednez; el secretario t\u00e9cnico, Juan Jos\u00e9 Carrillo Aldaba; la jefa del cuartel del ejido El Rayo, Mar\u00eda Elena Galindo; el regidor Felipe S\u00e1nchez, presidente de la Comisi\u00f3n de Salud; as\u00ed como vecinos de las comunidades del ejido El Rayo y Seis de Enero, quienes fueron testigos de la puesta en marcha de este importante espacio de atenci\u00f3n m\u00e9dica.<\/p>\n\n\n\n<p>Al t\u00e9rmino del evento, las autoridades realizaron un recorrido por las instalaciones de la cl\u00ednica, la cual cuenta con el equipamiento necesario para brindar atenci\u00f3n m\u00e9dica b\u00e1sica a la poblaci\u00f3n.<\/p>\n","protected":false},"excerpt":{"rendered":"<p>Lerdo, 12 de marzo de 2026.- La tarde del pasado mi\u00e9rcoles, la Presidenta Municipal Susy Carolina Torrecillas Salazar llev\u00f3 a cabo la reapertura de la Cl\u00ednica Municipal de Salud del ejido Seis de Enero, con el objetivo de acercar servicios m\u00e9dicos b\u00e1sicos a las familias de esta comunidad y de localidades cercanas. En su intervenci\u00f3n [&hellip;]<\/p>\n","protected":false},"author":1,"featured_media":29802,"comment_status":"open","ping_status":"open","sticky":false,"template":"","format":"standard","meta":{"_monsterinsights_skip_tracking":false,"_monsterinsights_sitenote_active":false,"_monsterinsights_sitenote_note":"","_monsterinsights_sitenote_category":0,"footnotes":""},"categories":[1],"tags":[],"_links":{"self":[{"href":"https:\/\/zonalimitrofe-cbnr.com\/index.php\/wp-json\/wp\/v2\/posts\/29801"}],"collection":[{"href":"https:\/\/zonalimitrofe-cbnr.com\/index.php\/wp-json\/wp\/v2\/posts"}],"about":[{"href":"https:\/\/zonalimitrofe-cbnr.com\/index.php\/wp-json\/wp\/v2\/types\/post"}],"author":[{"embeddable":true,"href":"https:\/\/zonalimitrofe-cbnr.com\/index.php\/wp-json\/wp\/v2\/users\/1"}],"replies":[{"embeddable":true,"href":"https:\/\/zonalimitrofe-cbnr.com\/index.php\/wp-json\/wp\/v2\/comments?post=29801"}],"version-history":[{"count":1,"href":"https:\/\/zonalimitrofe-cbnr.com\/index.php\/wp-json\/wp\/v2\/posts\/29801\/revisions"}],"predecessor-version":[{"id":29803,"href":"https:\/\/zonalimitrofe-cbnr.com\/index.php\/wp-json\/wp\/v2\/posts\/29801\/revisions\/29803"}],"wp:featuredmedia":[{"embeddable":true,"href":"https:\/\/zonalimitrofe-cbnr.com\/index.php\/wp-json\/wp\/v2\/media\/29802"}],"wp:attachment":[{"href":"https:\/\/zonalimitrofe-cbnr.com\/index.php\/wp-json\/wp\/v2\/media?parent=29801"}],"wp:term":[{"taxonomy":"category","embeddable":true,"href":"https:\/\/zonalimitrofe-cbnr.com\/index.php\/wp-json\/wp\/v2\/categories?post=29801"},{"taxonomy":"post_tag","embeddable":true,"href":"https:\/\/zonalimitrofe-cbnr.com\/index.php\/wp-json\/wp\/v2\/tags?post=29801"}],"curies":[{"name":"wp","href":"https:\/\/api.w.org\/{rel}","templated":true}]}}