{"id":29783,"date":"2026-03-11T19:12:34","date_gmt":"2026-03-12T01:12:34","guid":{"rendered":"https:\/\/zonalimitrofe-cbnr.com\/?p=29783"},"modified":"2026-03-11T19:12:35","modified_gmt":"2026-03-12T01:12:35","slug":"lerdo-pcyb-atiende-incendio-propagado-por-fuertes-rafagas-de-viento","status":"publish","type":"post","link":"https:\/\/zonalimitrofe-cbnr.com\/index.php\/2026\/03\/11\/lerdo-pcyb-atiende-incendio-propagado-por-fuertes-rafagas-de-viento\/","title":{"rendered":"#Lerdo. PCYB ATIENDE INCENDIO PROPAGADO POR FUERTES R\u00c1FAGAS DE VIENTO*"},"content":{"rendered":"\n<p><strong>Lerdo, 11 de marzo 2026.-<\/strong> Elementos de Protecci\u00f3n Civil y Bomberos atendieron un incendio de pacas de avena que se propag\u00f3 a consecuencia de las fuertes r\u00e1fagas de viento registradas el pasado martes en el municipio de Lerdo.<\/p>\n\n\n\n<p>El director de Protecci\u00f3n Civil y Bomberos, Sinhue de Jes\u00fas Ortiz de Alba, inform\u00f3 que el reporte se recibi\u00f3 poco despu\u00e9s de las 11:00 horas, movilizando a la unidad CB-19 hacia el establo Santa Rita, ubicado en la carretera Juan E. Garc\u00eda\u2013El Refugio, sin n\u00famero, en el ejido 21 de Marzo.<\/p>\n\n\n\n<p>Al arribar al lugar, los elementos detectaron que el fuego consum\u00eda entre 200 y 300 pacas de avena, situaci\u00f3n que se agrav\u00f3 por las condiciones del viento. Las labores de combate al incendio iniciaron alrededor de las 11:50 de la ma\u00f1ana, participando la unidad de Bomberos CB-17, la cual utiliz\u00f3 aproximadamente 110 mil litros de agua.<\/p>\n\n\n\n<p>En las maniobras tambi\u00e9n se cont\u00f3 con el apoyo de una pipa de Obras P\u00fablicas que aport\u00f3 40 mil litros de agua, as\u00ed como una pipa particular que sum\u00f3 otros 80 mil litros para sofocar las llamas.<\/p>\n\n\n\n<p>Las labores para controlar y liquidar el incendio se extendieron por cerca de 16 horas continuas, concluyendo alrededor de las 03:55 de la madrugada del mi\u00e9rcoles. Durante el operativo tambi\u00e9n se cont\u00f3 con el respaldo de personal de Servicios P\u00fablicos y Medio Ambiente, quienes apoyaron con pipas adicionales, as\u00ed como con el uso de un bulldozer para remover el material calcinado y evitar que el fuego se reavivara.<\/p>\n\n\n\n<p>En el operativo participaron el coordinador de Protecci\u00f3n Civil y Bomberos, Sinhue de Jes\u00fas Ortiz de Alba; la oficial de Protecci\u00f3n Civil, Valeria; el jefe de Bomberos, El\u00edas Mu\u00f1iz; el oficial bombero Yeshua Rodr\u00edguez; los oficiales maquinistas Alejandro Moreno, Mauro R\u00edos y Miguel Ramos; el oficial bombero Erick R\u00edos, as\u00ed como el oficial voluntario \u00c1ngel Lamp\u00f3n.<\/p>\n","protected":false},"excerpt":{"rendered":"<p>Lerdo, 11 de marzo 2026.- Elementos de Protecci\u00f3n Civil y Bomberos atendieron un incendio de pacas de avena que se propag\u00f3 a consecuencia de las fuertes r\u00e1fagas de viento registradas el pasado martes en el municipio de Lerdo. El director de Protecci\u00f3n Civil y Bomberos, Sinhue de Jes\u00fas Ortiz de Alba, inform\u00f3 que el reporte [&hellip;]<\/p>\n","protected":false},"author":1,"featured_media":29784,"comment_status":"open","ping_status":"open","sticky":false,"template":"","format":"standard","meta":{"_monsterinsights_skip_tracking":false,"_monsterinsights_sitenote_active":false,"_monsterinsights_sitenote_note":"","_monsterinsights_sitenote_category":0,"footnotes":""},"categories":[1],"tags":[],"_links":{"self":[{"href":"https:\/\/zonalimitrofe-cbnr.com\/index.php\/wp-json\/wp\/v2\/posts\/29783"}],"collection":[{"href":"https:\/\/zonalimitrofe-cbnr.com\/index.php\/wp-json\/wp\/v2\/posts"}],"about":[{"href":"https:\/\/zonalimitrofe-cbnr.com\/index.php\/wp-json\/wp\/v2\/types\/post"}],"author":[{"embeddable":true,"href":"https:\/\/zonalimitrofe-cbnr.com\/index.php\/wp-json\/wp\/v2\/users\/1"}],"replies":[{"embeddable":true,"href":"https:\/\/zonalimitrofe-cbnr.com\/index.php\/wp-json\/wp\/v2\/comments?post=29783"}],"version-history":[{"count":1,"href":"https:\/\/zonalimitrofe-cbnr.com\/index.php\/wp-json\/wp\/v2\/posts\/29783\/revisions"}],"predecessor-version":[{"id":29785,"href":"https:\/\/zonalimitrofe-cbnr.com\/index.php\/wp-json\/wp\/v2\/posts\/29783\/revisions\/29785"}],"wp:featuredmedia":[{"embeddable":true,"href":"https:\/\/zonalimitrofe-cbnr.com\/index.php\/wp-json\/wp\/v2\/media\/29784"}],"wp:attachment":[{"href":"https:\/\/zonalimitrofe-cbnr.com\/index.php\/wp-json\/wp\/v2\/media?parent=29783"}],"wp:term":[{"taxonomy":"category","embeddable":true,"href":"https:\/\/zonalimitrofe-cbnr.com\/index.php\/wp-json\/wp\/v2\/categories?post=29783"},{"taxonomy":"post_tag","embeddable":true,"href":"https:\/\/zonalimitrofe-cbnr.com\/index.php\/wp-json\/wp\/v2\/tags?post=29783"}],"curies":[{"name":"wp","href":"https:\/\/api.w.org\/{rel}","templated":true}]}}