{"id":29744,"date":"2026-03-09T19:15:12","date_gmt":"2026-03-10T01:15:12","guid":{"rendered":"https:\/\/zonalimitrofe-cbnr.com\/?p=29744"},"modified":"2026-03-09T19:15:13","modified_gmt":"2026-03-10T01:15:13","slug":"coahuila-arrancan-en-coahuila-gran-operativo-para-la-prevencion-y-combate-a-incendios-forestales","status":"publish","type":"post","link":"https:\/\/zonalimitrofe-cbnr.com\/index.php\/2026\/03\/09\/coahuila-arrancan-en-coahuila-gran-operativo-para-la-prevencion-y-combate-a-incendios-forestales\/","title":{"rendered":"#Coahuila. ARRANCAN EN COAHUILA GRAN OPERATIVO PARA LA PREVENCI\u00d3N Y COMBATE A INCENDIOS FORESTALES"},"content":{"rendered":"\n<p>Saltillo, Coahuila de Zaragoza; a 09 de marzo de 2026.\u2013 El gobernador Manolo Jim\u00e9nez Salinas encabez\u00f3 el arranque oficial de la Temporada de Combate de Incendios Forestales 2026, destacando que en Coahuila la prevenci\u00f3n y combate al fuego se realiza mediante un amplio trabajo en equipo entre autoridades, brigadistas, productores y sociedad civil.<\/p>\n\n\n\n<p>&#8220;En Coahuila, el cuidado de los bosques, las sierras y los recursos naturales tiene rumbo y es Pa\u2019delante. Arrancamos la Temporada de Prevenci\u00f3n y Combate de Incendios Forestales 2026 con una gran inversi\u00f3n para fortalecer la prevenci\u00f3n, el combate y la liquidaci\u00f3n de incendios forestales en todo el estado. Con helic\u00f3pteros, veh\u00edculos, pipas\/cisterna, equipamiento, m\u00e1s herramientas y mayor coordinaci\u00f3n seguimos protegiendo las zonas naturales de Coahuila. Reconocemos a las y los brigadistas y soldados, verdaderos h\u00e9roes que d\u00eda a d\u00eda arriesgan todo por cuidar esta tierra. \u00a1Seguimos trabajando en equipo sociedad y gobierno por esta causa. Cuidar nuestro recursos naturales es tarea de todas y todos&#8221;, destac\u00f3 el gobernador.<\/p>\n\n\n\n<p>El evento se llev\u00f3 a cabo en las instalaciones del 69 Batall\u00f3n de Infanter\u00eda, con la participaci\u00f3n de 491 brigadistas y 58 veh\u00edculos de distintas corporaciones de los tres \u00f3rdenes de gobierno.<\/p>\n\n\n\n<p>Durante su mensaje, el mandatario estatal se\u00f1al\u00f3 que el estado se mantiene preparado desde el inicio del a\u00f1o para atender cualquier emergencia forestal.<\/p>\n\n\n\n<p>\u201cEn Coahuila nos coordinamos para atender los retos. Lo hacemos en muchos temas y tambi\u00e9n en el combate y prevenci\u00f3n de incendios forestales\u201d, expres\u00f3.<\/p>\n\n\n\n<p>El gobernador destac\u00f3 la importancia de la participaci\u00f3n de los municipios, propietarios de predios, organizaciones civiles y brigadas voluntarias.<\/p>\n\n\n\n<p>\u201cEl incendio de uno es el incendio de todos, por eso es fundamental la organizaci\u00f3n y el trabajo en equipo para proteger nuestros bosques\u201d, subray\u00f3.<\/p>\n\n\n\n<p>Jim\u00e9nez Salinas inform\u00f3 que durante los \u00faltimos a\u00f1os se ha realizado una inversi\u00f3n hist\u00f3rica en equipamiento, herramientas, veh\u00edculos y apoyo a\u00e9reo, adem\u00e1s de mejorar las condiciones laborales de las y los brigadistas.<\/p>\n\n\n\n<p>Gracias a este esfuerzo coordinado, se\u00f1al\u00f3 que Coahuila se mantiene entre los estados con mejores indicadores nacionales en control de incendios forestales y menor superficie afectada.<\/p>\n\n\n\n<p>Asimismo, hizo un llamado a la ciudadan\u00eda a actuar con responsabilidad durante la temporada vacacional y evitar pr\u00e1cticas que puedan provocar incendios.<\/p>\n\n\n\n<p>\u201cVamos a reforzar las campa\u00f1as de prevenci\u00f3n y tambi\u00e9n seremos estrictos con la ley, porque no es justo que por el descuido de una persona se puedan quemar cientos o miles de hect\u00e1reas\u201d, indic\u00f3.<\/p>\n\n\n\n<p>De acuerdo con informaci\u00f3n de las autoridades ambientales, en lo que va de 2026 se han atendido 11 incendios forestales y 16 conatos en distintas regiones del estado.<\/p>\n\n\n\n<p>El gobernador reiter\u00f3 que su administraci\u00f3n continuar\u00e1 fortaleciendo la coordinaci\u00f3n entre instituciones para proteger los bosques y recursos naturales de Coahuila.<\/p>\n\n\n\n<p>En su intervenci\u00f3n el General de Divisi\u00f3n EM, Fernando Colchado G\u00f3mez, comandante de la XI Regi\u00f3n Militar, destac\u00f3 que el Ej\u00e9rcito Mexicano participa en estas acciones como parte de su misi\u00f3n de auxiliar a la poblaci\u00f3n civil en casos de desastre, manteniendo un estado permanente de preparaci\u00f3n, capacitaci\u00f3n y planeaci\u00f3n operativa para responder oportunamente ante contingencias como los incendios forestales.<\/p>\n\n\n\n<p>Se\u00f1al\u00f3 que, mediante el Plan DN-III-E, el Ej\u00e9rcito, la Fuerza A\u00e9rea y la Guardia Nacional trabajan de manera coordinada con autoridades de los tres \u00f3rdenes de gobierno y brigadas especializadas para prevenir, controlar y combatir incendios forestales, con el objetivo de proteger a la poblaci\u00f3n, preservar los recursos naturales y salvaguardar el patrimonio del pa\u00eds, reiterando el compromiso de las Fuerzas Armadas de seguir apoyando a Coahuila en esta tarea.<\/p>\n\n\n\n<p>El subsecretario de Medio Ambiente, Ren\u00e9 Morales, inform\u00f3 que para la temporada 2026 el Gobierno del Estado realizar\u00e1 una nueva inversi\u00f3n superior a los 50 millones de pesos para fortalecer las acciones de prevenci\u00f3n, combate y liquidaci\u00f3n de incendios forestales. Destac\u00f3 que se contar\u00e1 con 123 elementos operativos capacitados, equipados con uniformes y herramientas especializadas para garantizar su seguridad y eficacia durante las labores en campo.<\/p>\n\n\n\n<p>A\u00f1adi\u00f3 que este a\u00f1o se reforzar\u00e1 la capacidad operativa con tecnolog\u00eda, veh\u00edculos y apoyo a\u00e9reo, incluyendo drones con c\u00e1mara t\u00e9rmica, radios especializados, internet satelital, cuatro camionetas 4&#215;4 para respuesta inmediata y tres helic\u00f3pteros para traslado y combate a\u00e9reo, adem\u00e1s de reservas de l\u00edquido retardante. Se\u00f1al\u00f3 que, tras los retos enfrentados en 2025, Coahuila llega en 2026 m\u00e1s preparado y con mayor capacidad de respuesta, gracias al trabajo coordinado que impulsa el gobernador Manolo Jim\u00e9nez para proteger los bosques y las comunidades del estado.<\/p>\n\n\n\n<p>Juli\u00e1n Davila L\u00f3pez, Miembro de Amigos de la sierra AC, destac\u00f3, el compromiso de propietarios y organizaciones civiles para proteger la Sierra de Arteaga, se\u00f1alando que quienes habitan y trabajan en la zona participan activamente en la detecci\u00f3n temprana y combate de incendios forestales, as\u00ed como en la construcci\u00f3n de brechas cortafuego, mantenimiento de caminos y apoyo a brigadistas durante las emergencias.<\/p>\n\n\n\n<p>Explic\u00f3 que la sierra se encuentra organizada por ca\u00f1ones con coordinadores y comunicaci\u00f3n permanente entre propietarios, comunidades rurales y autoridades mediante una red de vigilancia, lo que permite una respuesta r\u00e1pida ante cualquier incendio. Asimismo, reconoci\u00f3 el respaldo del Gobierno del Estado, municipios, Ej\u00e9rcito, Guardia Nacional y brigadistas, reiterando que los propietarios continuar\u00e1n fortaleciendo sus brigadas privadas para seguir protegiendo esta importante riqueza natural de Coahuila.<\/p>\n\n\n\n<p>El alcalde de Saltillo, Javier D\u00edaz Gonz\u00e1lez, reconoci\u00f3 el liderazgo del gobernador Manolo Jim\u00e9nez Salinas para impulsar acciones firmes en la prevenci\u00f3n y combate de incendios forestales, destacando que esta estrategia fortalece la protecci\u00f3n de los recursos naturales y de las comunidades del estado.<\/p>\n\n\n\n<p>Se\u00f1al\u00f3 que en Saltillo la atenci\u00f3n a incendios es una tarea permanente y coordinada entre los tres \u00f3rdenes de gobierno y la ciudadan\u00eda, informando que durante la actual administraci\u00f3n se han atendido m\u00e1s de 3 mil incendios en zonas urbanas y rurales, y tan solo en 2026 se han registrado alrededor de 250 en zonas urbanas. Asimismo, destac\u00f3 que se fortalecen las acciones de prevenci\u00f3n mediante brigadistas especializados, el apoyo de bomberos y Protecci\u00f3n Civil, as\u00ed como sistemas de alerta temprana y coordinaci\u00f3n con ejidatarios y propietarios rurales.<\/p>\n","protected":false},"excerpt":{"rendered":"<p>Saltillo, Coahuila de Zaragoza; a 09 de marzo de 2026.\u2013 El gobernador Manolo Jim\u00e9nez Salinas encabez\u00f3 el arranque oficial de la Temporada de Combate de Incendios Forestales 2026, destacando que en Coahuila la prevenci\u00f3n y combate al fuego se realiza mediante un amplio trabajo en equipo entre autoridades, brigadistas, productores y sociedad civil. &#8220;En Coahuila, [&hellip;]<\/p>\n","protected":false},"author":1,"featured_media":29745,"comment_status":"open","ping_status":"open","sticky":false,"template":"","format":"standard","meta":{"_monsterinsights_skip_tracking":false,"_monsterinsights_sitenote_active":false,"_monsterinsights_sitenote_note":"","_monsterinsights_sitenote_category":0,"footnotes":""},"categories":[1],"tags":[],"_links":{"self":[{"href":"https:\/\/zonalimitrofe-cbnr.com\/index.php\/wp-json\/wp\/v2\/posts\/29744"}],"collection":[{"href":"https:\/\/zonalimitrofe-cbnr.com\/index.php\/wp-json\/wp\/v2\/posts"}],"about":[{"href":"https:\/\/zonalimitrofe-cbnr.com\/index.php\/wp-json\/wp\/v2\/types\/post"}],"author":[{"embeddable":true,"href":"https:\/\/zonalimitrofe-cbnr.com\/index.php\/wp-json\/wp\/v2\/users\/1"}],"replies":[{"embeddable":true,"href":"https:\/\/zonalimitrofe-cbnr.com\/index.php\/wp-json\/wp\/v2\/comments?post=29744"}],"version-history":[{"count":1,"href":"https:\/\/zonalimitrofe-cbnr.com\/index.php\/wp-json\/wp\/v2\/posts\/29744\/revisions"}],"predecessor-version":[{"id":29746,"href":"https:\/\/zonalimitrofe-cbnr.com\/index.php\/wp-json\/wp\/v2\/posts\/29744\/revisions\/29746"}],"wp:featuredmedia":[{"embeddable":true,"href":"https:\/\/zonalimitrofe-cbnr.com\/index.php\/wp-json\/wp\/v2\/media\/29745"}],"wp:attachment":[{"href":"https:\/\/zonalimitrofe-cbnr.com\/index.php\/wp-json\/wp\/v2\/media?parent=29744"}],"wp:term":[{"taxonomy":"category","embeddable":true,"href":"https:\/\/zonalimitrofe-cbnr.com\/index.php\/wp-json\/wp\/v2\/categories?post=29744"},{"taxonomy":"post_tag","embeddable":true,"href":"https:\/\/zonalimitrofe-cbnr.com\/index.php\/wp-json\/wp\/v2\/tags?post=29744"}],"curies":[{"name":"wp","href":"https:\/\/api.w.org\/{rel}","templated":true}]}}