{"id":29741,"date":"2026-03-09T19:12:21","date_gmt":"2026-03-10T01:12:21","guid":{"rendered":"https:\/\/zonalimitrofe-cbnr.com\/?p=29741"},"modified":"2026-03-09T19:12:22","modified_gmt":"2026-03-10T01:12:22","slug":"gp-mas-de-500-oportunidades-laborales-para-gomezpalatinas-en-la-feria-del-empleo-de-la-mujer-impulsada-por-betzabe","status":"publish","type":"post","link":"https:\/\/zonalimitrofe-cbnr.com\/index.php\/2026\/03\/09\/gp-mas-de-500-oportunidades-laborales-para-gomezpalatinas-en-la-feria-del-empleo-de-la-mujer-impulsada-por-betzabe\/","title":{"rendered":"#GP. M\u00e1s de 500 oportunidades laborales para gomezpalatinas en la Feria del Empleo de la Mujer impulsada por Betzab\u00e9*"},"content":{"rendered":"\n<p>*\u2022 M\u00e1s de 25 empresas se suman a estrategia del Gobierno Municipal para fortalecer la independencia econ\u00f3mica de las mujeres*<\/p>\n\n\n\n<p>Con el objetivo de fortalecer la independencia econ\u00f3mica de las mujeres y ampliar sus oportunidades laborales, el Ayuntamiento de G\u00f3mez Palacio, a trav\u00e9s del Instituto Municipal de la Mujer (IMM) y en coordinaci\u00f3n con la Direcci\u00f3n de Desarrollo Econ\u00f3mico y Turismo, llev\u00f3 a cabo con \u00e9xito la Feria del Empleo de la Mujer, donde participaron m\u00e1s de 25 empresas que ofertaron alrededor de 500 vacantes.<\/p>\n\n\n\n<p>La actividad se realiz\u00f3 en las instalaciones del Centro de Convenciones de la Expo Feria y form\u00f3 parte de las acciones conmemorativas del D\u00eda Internacional de la Mujer, brindando a las asistentes la oportunidad de vincularse directamente con empresas locales que ofrecieron plazas en distintos niveles laborales.<\/p>\n\n\n\n<p>Betsi Vargas Angulo, titular del Instituto Municipal de la Mujer, destac\u00f3 que este tipo de iniciativas se realizan bajo el impulso de la presidenta municipal Betzab\u00e9 Mart\u00ednez Arango, quien ha reiterado su compromiso de generar condiciones que permitan a las mujeres fortalecer su autonom\u00eda econ\u00f3mica y avanzar hacia una vida libre de violencia.<\/p>\n\n\n\n<p>\u201cPara nosotros es muy importante que todas las mujeres tengan acceso a un trabajo; nuestro compromiso desde el Instituto Municipal de la Mujer es que esos espacios laborales sean seguros, dignos y que les permitan desarrollarse plenamente\u201d, expres\u00f3.<\/p>\n\n\n\n<p>Como parte de la jornada, tambi\u00e9n se impartieron las conferencias Herramientas Pr\u00e1cticas para la Colocaci\u00f3n Laboral, Construye tu Negocio y Las Creencias que te Limitan: Rompiendo Barreras Invisibles, algunas de ellas a cargo de personal del Servicio Nacional de Empleo, con el prop\u00f3sito de brindar a las participantes herramientas que fortalezcan sus capacidades para integrarse al mercado laboral o emprender un proyecto propio.<\/p>\n\n\n\n<p>Por su parte, Gabriela M\u00e1rquez Alvarado, directora de Desarrollo Econ\u00f3mico y Turismo, explic\u00f3 que esta feria facilita el acceso a oportunidades laborales al reunir en un solo espacio a diversas empresas que ofrecen vacantes en distintos perfiles y turnos, evitando que las personas tengan que trasladarse a m\u00faltiples lugares para presentar solicitudes.<\/p>\n\n\n\n<p>Entre los puestos ofertados se incluyeron plazas de supervisi\u00f3n, enfermer\u00eda, as\u00ed como diversas posiciones operativas y administrativas en empresas reconocidas de la regi\u00f3n.<\/p>\n\n\n\n<p>Durante el evento, las funcionarias municipales, acompa\u00f1adas por regidoras del Ayuntamiento, realizaron un recorrido por los m\u00f3dulos instalados por las empresas participantes, donde reiteraron que el Gobierno Municipal continuar\u00e1 impulsando acciones y programas orientados al empoderamiento y desarrollo integral de las mujeres, generando m\u00e1s oportunidades de empleo, capacitaci\u00f3n y emprendimiento para fortalecer su autonom\u00eda econ\u00f3mica y contribuir a la construcci\u00f3n de una sociedad m\u00e1s justa e igualitaria.<br><\/p>\n","protected":false},"excerpt":{"rendered":"<p>*\u2022 M\u00e1s de 25 empresas se suman a estrategia del Gobierno Municipal para fortalecer la independencia econ\u00f3mica de las mujeres* Con el objetivo de fortalecer la independencia econ\u00f3mica de las mujeres y ampliar sus oportunidades laborales, el Ayuntamiento de G\u00f3mez Palacio, a trav\u00e9s del Instituto Municipal de la Mujer (IMM) y en coordinaci\u00f3n con la [&hellip;]<\/p>\n","protected":false},"author":1,"featured_media":29742,"comment_status":"open","ping_status":"open","sticky":false,"template":"","format":"standard","meta":{"_monsterinsights_skip_tracking":false,"_monsterinsights_sitenote_active":false,"_monsterinsights_sitenote_note":"","_monsterinsights_sitenote_category":0,"footnotes":""},"categories":[1],"tags":[],"_links":{"self":[{"href":"https:\/\/zonalimitrofe-cbnr.com\/index.php\/wp-json\/wp\/v2\/posts\/29741"}],"collection":[{"href":"https:\/\/zonalimitrofe-cbnr.com\/index.php\/wp-json\/wp\/v2\/posts"}],"about":[{"href":"https:\/\/zonalimitrofe-cbnr.com\/index.php\/wp-json\/wp\/v2\/types\/post"}],"author":[{"embeddable":true,"href":"https:\/\/zonalimitrofe-cbnr.com\/index.php\/wp-json\/wp\/v2\/users\/1"}],"replies":[{"embeddable":true,"href":"https:\/\/zonalimitrofe-cbnr.com\/index.php\/wp-json\/wp\/v2\/comments?post=29741"}],"version-history":[{"count":1,"href":"https:\/\/zonalimitrofe-cbnr.com\/index.php\/wp-json\/wp\/v2\/posts\/29741\/revisions"}],"predecessor-version":[{"id":29743,"href":"https:\/\/zonalimitrofe-cbnr.com\/index.php\/wp-json\/wp\/v2\/posts\/29741\/revisions\/29743"}],"wp:featuredmedia":[{"embeddable":true,"href":"https:\/\/zonalimitrofe-cbnr.com\/index.php\/wp-json\/wp\/v2\/media\/29742"}],"wp:attachment":[{"href":"https:\/\/zonalimitrofe-cbnr.com\/index.php\/wp-json\/wp\/v2\/media?parent=29741"}],"wp:term":[{"taxonomy":"category","embeddable":true,"href":"https:\/\/zonalimitrofe-cbnr.com\/index.php\/wp-json\/wp\/v2\/categories?post=29741"},{"taxonomy":"post_tag","embeddable":true,"href":"https:\/\/zonalimitrofe-cbnr.com\/index.php\/wp-json\/wp\/v2\/tags?post=29741"}],"curies":[{"name":"wp","href":"https:\/\/api.w.org\/{rel}","templated":true}]}}